{"id":54420,"date":"2018-06-21T12:32:53","date_gmt":"2018-06-21T17:32:53","guid":{"rendered":"https:\/\/radiowebmx.com\/nota\/?p=54420"},"modified":"2018-06-21T12:32:53","modified_gmt":"2018-06-21T17:32:53","slug":"fausto-vallejo-figueroa-condena-asesinatos-de-candidatos","status":"publish","type":"post","link":"https:\/\/radiowebmx.com\/nota\/fausto-vallejo-figueroa-condena-asesinatos-de-candidatos\/","title":{"rendered":"Fausto Vallejo Figueroa condena asesinatos de candidatos"},"content":{"rendered":"<ul>\n<li class=\"x_gmail-MsoNoSpacing\"><strong>\u00a0Hizo un llamado a las autoridades a dar con el paradero de los responsables y se les castigue.<\/strong><\/li>\n<\/ul>\n<p class=\"x_gmail-MsoNoSpacing\">\n<p class=\"x_gmail-MsoNoSpacing\"><b>Morelia, Mich., a 21 de junio de 2018.-<\/b>\u00a0El candidato a la Presidencia Municipal de Morelia por el Partido Encuentro Social (PES), Fausto Vallejo Figueroa, lament\u00f3 los homicidios de los candidatos a ocupar las alcald\u00edas de Aguililla, as\u00ed como de Ocampo, Omar G\u00f3mez Lucatero y Fernando \u00c1ngeles Ju\u00e1rez, respectivamente, que fueron ultimados la tarde noche del mi\u00e9rcoles y la ma\u00f1ana de este d\u00eda.<\/p>\n<p class=\"x_gmail-MsoNoSpacing\">Vallejo Figueroa hizo un llamado a las autoridades estatales a que se investigue a fondo estos casos y se castigue a los responsables, de estos hechos y de los atentados que tambi\u00e9n se han registrado en contra de diversos aspirantes a puestos de elecci\u00f3n popular.<\/p>\n<p class=\"x_gmail-MsoNoSpacing\">De igual forma hizo votos para que esta situaci\u00f3n ya no se repita y el clima electoral no se enrarezca por este tipo de sucesos, que en nada abona a la tranquilidad de los michoacanos.<\/p>\n","protected":false},"excerpt":{"rendered":"<p>\u00a0Hizo un llamado a las autoridades a dar con el paradero de los responsables y se les castigue. Morelia, Mich., a 21 de junio de 2018.-\u00a0El candidato a la Presidencia Municipal de Morelia por el Partido Encuentro Social (PES), Fausto Vallejo Figueroa, lament\u00f3 los homicidios de los candidatos a ocupar las alcald\u00edas de Aguililla, as\u00ed [&hellip;]<\/p>\n","protected":false},"author":2,"featured_media":54421,"comment_status":"closed","ping_status":"closed","sticky":false,"template":"","format":"standard","meta":{"footnotes":""},"categories":[14,3,60],"tags":[],"class_list":["post-54420","post","type-post","status-publish","format-standard","has-post-thumbnail","hentry","category-destacadas","category-gobierno-del-estado-de-michoacan","category-michoacan"],"_links":{"self":[{"href":"https:\/\/radiowebmx.com\/nota\/wp-json\/wp\/v2\/posts\/54420","targetHints":{"allow":["GET"]}}],"collection":[{"href":"https:\/\/radiowebmx.com\/nota\/wp-json\/wp\/v2\/posts"}],"about":[{"href":"https:\/\/radiowebmx.com\/nota\/wp-json\/wp\/v2\/types\/post"}],"author":[{"embeddable":true,"href":"https:\/\/radiowebmx.com\/nota\/wp-json\/wp\/v2\/users\/2"}],"replies":[{"embeddable":true,"href":"https:\/\/radiowebmx.com\/nota\/wp-json\/wp\/v2\/comments?post=54420"}],"version-history":[{"count":1,"href":"https:\/\/radiowebmx.com\/nota\/wp-json\/wp\/v2\/posts\/54420\/revisions"}],"predecessor-version":[{"id":54422,"href":"https:\/\/radiowebmx.com\/nota\/wp-json\/wp\/v2\/posts\/54420\/revisions\/54422"}],"wp:featuredmedia":[{"embeddable":true,"href":"https:\/\/radiowebmx.com\/nota\/wp-json\/wp\/v2\/media\/54421"}],"wp:attachment":[{"href":"https:\/\/radiowebmx.com\/nota\/wp-json\/wp\/v2\/media?parent=54420"}],"wp:term":[{"taxonomy":"category","embeddable":true,"href":"https:\/\/radiowebmx.com\/nota\/wp-json\/wp\/v2\/categories?post=54420"},{"taxonomy":"post_tag","embeddable":true,"href":"https:\/\/radiowebmx.com\/nota\/wp-json\/wp\/v2\/tags?post=54420"}],"curies":[{"name":"wp","href":"https:\/\/api.w.org\/{rel}","templated":true}]}}