{"id":54417,"date":"2018-06-21T12:21:45","date_gmt":"2018-06-21T17:21:45","guid":{"rendered":"https:\/\/radiowebmx.com\/nota\/?p=54417"},"modified":"2018-06-21T12:21:45","modified_gmt":"2018-06-21T17:21:45","slug":"rock-alternativo-y-electronica-este-viernes-en-el-cmmas","status":"publish","type":"post","link":"https:\/\/radiowebmx.com\/nota\/rock-alternativo-y-electronica-este-viernes-en-el-cmmas\/","title":{"rendered":"Rock alternativo y electr\u00f3nica este viernes en el CMMAS"},"content":{"rendered":"<ul>\n<li><strong>El concierto gratuito iniciar\u00e1 a las 20:00 horas.<\/strong><\/li>\n<\/ul>\n<p><strong><br \/>\nMorelia, Michoac\u00e1n, a 21 de junio de 2018.-<\/strong>\u00a0El Centro Mexicano para la M\u00fasica y las Artes Sonoras (CMMAS), invita al concierto \u201cLiento\u201d de la agrupaci\u00f3n colombiana Hombre Memoria, liderado por los compositores V\u00edctor Acevedo y Sim\u00f3n Mesa, quienes en esta oportunidad presentar\u00e1n una propuesta que escapa tanto del rock y su formato convencional, como de la electr\u00f3nica.<\/p>\n<p>La cita es este viernes 20 de junio en punto de las 20:00 horas en el auditorio del Centro, ubicado en la planta alta de la Casa de la Cultura de Morelia. La entrada es gratuita.<\/p>\n<p>Para el CMMAS, los conciertos internacionales abren una ventana de vinculaci\u00f3n entre el talento local y artistas de otros pa\u00edses que est\u00e1n haciendo proyectos interesantes con m\u00fasica y nuevas tecnolog\u00edas, adem\u00e1s de disciplinas relacionadas como el video o la danza; al tiempo que ofrece un panorama variado y enriquecido para el p\u00fablico.<\/p>\n<p>La agrupaci\u00f3n est\u00e1 integrada por: V\u00edctor Acevedo, compositor y productor. Guitarrista de jazz de la Universidad EAFIT (Medell\u00edn, Colombia), en la que se desempe\u00f1a como docente del \u00e9nfasis de guitarra jazz.<\/p>\n<p>A \u00e9l le acompa\u00f1a Sim\u00f3n Mesa, compositor egresado de la Universidad EAFIT (Medell\u00edn, Colombia). Adem\u00e1s de Ad\u00e1n Naranjo como baterista, y Juli\u00e1n Loaiza en el bajo.<\/p>\n<p>La cartelera puede consultarse en www.cmmas.org\/eventos.<\/p>\n","protected":false},"excerpt":{"rendered":"<p>El concierto gratuito iniciar\u00e1 a las 20:00 horas. Morelia, Michoac\u00e1n, a 21 de junio de 2018.-\u00a0El Centro Mexicano para la M\u00fasica y las Artes Sonoras (CMMAS), invita al concierto \u201cLiento\u201d de la agrupaci\u00f3n colombiana Hombre Memoria, liderado por los compositores V\u00edctor Acevedo y Sim\u00f3n Mesa, quienes en esta oportunidad presentar\u00e1n una propuesta que escapa tanto [&hellip;]<\/p>\n","protected":false},"author":2,"featured_media":54418,"comment_status":"closed","ping_status":"closed","sticky":false,"template":"","format":"standard","meta":{"footnotes":""},"categories":[14,3,60],"tags":[],"class_list":["post-54417","post","type-post","status-publish","format-standard","has-post-thumbnail","hentry","category-destacadas","category-gobierno-del-estado-de-michoacan","category-michoacan"],"_links":{"self":[{"href":"https:\/\/radiowebmx.com\/nota\/wp-json\/wp\/v2\/posts\/54417","targetHints":{"allow":["GET"]}}],"collection":[{"href":"https:\/\/radiowebmx.com\/nota\/wp-json\/wp\/v2\/posts"}],"about":[{"href":"https:\/\/radiowebmx.com\/nota\/wp-json\/wp\/v2\/types\/post"}],"author":[{"embeddable":true,"href":"https:\/\/radiowebmx.com\/nota\/wp-json\/wp\/v2\/users\/2"}],"replies":[{"embeddable":true,"href":"https:\/\/radiowebmx.com\/nota\/wp-json\/wp\/v2\/comments?post=54417"}],"version-history":[{"count":1,"href":"https:\/\/radiowebmx.com\/nota\/wp-json\/wp\/v2\/posts\/54417\/revisions"}],"predecessor-version":[{"id":54419,"href":"https:\/\/radiowebmx.com\/nota\/wp-json\/wp\/v2\/posts\/54417\/revisions\/54419"}],"wp:featuredmedia":[{"embeddable":true,"href":"https:\/\/radiowebmx.com\/nota\/wp-json\/wp\/v2\/media\/54418"}],"wp:attachment":[{"href":"https:\/\/radiowebmx.com\/nota\/wp-json\/wp\/v2\/media?parent=54417"}],"wp:term":[{"taxonomy":"category","embeddable":true,"href":"https:\/\/radiowebmx.com\/nota\/wp-json\/wp\/v2\/categories?post=54417"},{"taxonomy":"post_tag","embeddable":true,"href":"https:\/\/radiowebmx.com\/nota\/wp-json\/wp\/v2\/tags?post=54417"}],"curies":[{"name":"wp","href":"https:\/\/api.w.org\/{rel}","templated":true}]}}