{"id":54414,"date":"2018-06-21T11:30:26","date_gmt":"2018-06-21T16:30:26","guid":{"rendered":"https:\/\/radiowebmx.com\/nota\/?p=54414"},"modified":"2018-06-21T11:30:26","modified_gmt":"2018-06-21T16:30:26","slug":"congreso-condena-homicidio-de-candidato-independiente-roberto-carlos-lopez","status":"publish","type":"post","link":"https:\/\/radiowebmx.com\/nota\/congreso-condena-homicidio-de-candidato-independiente-roberto-carlos-lopez\/","title":{"rendered":"Congreso condena homicidio de candidato independiente: Roberto Carlos L\u00f3pez"},"content":{"rendered":"<p class=\"x_gmail-xmsonormal\"><strong>\u00b7\u00a0\u00a0\u00a0\u00a0\u00a0\u00a0\u00a0Necesario\u00a0 cuidar el proceso electoral<\/strong><\/p>\n<p class=\"x_gmail-xmsonormal\"><b>\u00a0<\/b><\/p>\n<p class=\"x_gmail-xmsonormal\"><b>Morelia; Michoac\u00e1n, 21 de junio de 2018<\/b>.- Roberto Carlos L\u00f3pez, Presidente de la Mesa Directiva del Congreso del Estado, expres\u00f3 su m\u00e1s en\u00e9rgica condena por el asesinato de Omar G\u00f3mez\u00a0 Lucatero, candidato\u00a0 independiente a la alcald\u00eda de Aguililla.<\/p>\n<p class=\"x_gmail-xmsonormal\">Nuestra solidaridad y condolencias a los familiares y amigos, expres\u00f3 el legislador.<\/p>\n<p class=\"x_gmail-xmsonormal\">Se\u00f1al\u00f3 que ning\u00fan acto que atente contra la vida de las y los michoacanos debe quedar impune, por lo que hacemos un llamado respetuoso a las autoridades competentes para esclarecer estos hechos y llevar ante la justicia a los responsables.<\/p>\n<p class=\"x_gmail-xmsonormal\">El diputado manifest\u00f3 su confianza en el trabajo que lleva a cabo la Procuradur\u00eda General de Justicia del Estado para que este lamentable homicidio sea investigado y castigado con todo el peso de la ley.<\/p>\n<p class=\"x_gmail-xmsonormal\">Pidi\u00f3 no adelantar juicios y dejar\u00a0 que el Ministerio P\u00fablico haga su trabajo conforme a los protocolos de actuaci\u00f3n para poder conocer las circunstancias de estos hechos.<\/p>\n<p class=\"x_gmail-xmsonormal\">Desde el Congreso del Estado hacemos un llamado a todos los actores involucrados a seguir cuidando el desarrollo del proceso electoral.<\/p>\n<p class=\"x_gmail-xmsonormal\">Indic\u00f3 que generar condiciones de paz y tranquilidad es una responsabilidad compartida, en donde todos debemos de aportar. El momento as\u00ed lo exige.<\/p>\n","protected":false},"excerpt":{"rendered":"<p>\u00b7\u00a0\u00a0\u00a0\u00a0\u00a0\u00a0\u00a0Necesario\u00a0 cuidar el proceso electoral \u00a0 Morelia; Michoac\u00e1n, 21 de junio de 2018.- Roberto Carlos L\u00f3pez, Presidente de la Mesa Directiva del Congreso del Estado, expres\u00f3 su m\u00e1s en\u00e9rgica condena por el asesinato de Omar G\u00f3mez\u00a0 Lucatero, candidato\u00a0 independiente a la alcald\u00eda de Aguililla. Nuestra solidaridad y condolencias a los familiares y amigos, expres\u00f3 el [&hellip;]<\/p>\n","protected":false},"author":2,"featured_media":54415,"comment_status":"closed","ping_status":"closed","sticky":false,"template":"","format":"standard","meta":{"footnotes":""},"categories":[6,14],"tags":[],"class_list":["post-54414","post","type-post","status-publish","format-standard","has-post-thumbnail","hentry","category-congreso-del-estado","category-destacadas"],"_links":{"self":[{"href":"https:\/\/radiowebmx.com\/nota\/wp-json\/wp\/v2\/posts\/54414","targetHints":{"allow":["GET"]}}],"collection":[{"href":"https:\/\/radiowebmx.com\/nota\/wp-json\/wp\/v2\/posts"}],"about":[{"href":"https:\/\/radiowebmx.com\/nota\/wp-json\/wp\/v2\/types\/post"}],"author":[{"embeddable":true,"href":"https:\/\/radiowebmx.com\/nota\/wp-json\/wp\/v2\/users\/2"}],"replies":[{"embeddable":true,"href":"https:\/\/radiowebmx.com\/nota\/wp-json\/wp\/v2\/comments?post=54414"}],"version-history":[{"count":1,"href":"https:\/\/radiowebmx.com\/nota\/wp-json\/wp\/v2\/posts\/54414\/revisions"}],"predecessor-version":[{"id":54416,"href":"https:\/\/radiowebmx.com\/nota\/wp-json\/wp\/v2\/posts\/54414\/revisions\/54416"}],"wp:featuredmedia":[{"embeddable":true,"href":"https:\/\/radiowebmx.com\/nota\/wp-json\/wp\/v2\/media\/54415"}],"wp:attachment":[{"href":"https:\/\/radiowebmx.com\/nota\/wp-json\/wp\/v2\/media?parent=54414"}],"wp:term":[{"taxonomy":"category","embeddable":true,"href":"https:\/\/radiowebmx.com\/nota\/wp-json\/wp\/v2\/categories?post=54414"},{"taxonomy":"post_tag","embeddable":true,"href":"https:\/\/radiowebmx.com\/nota\/wp-json\/wp\/v2\/tags?post=54414"}],"curies":[{"name":"wp","href":"https:\/\/api.w.org\/{rel}","templated":true}]}}