{"id":54401,"date":"2018-06-20T13:54:53","date_gmt":"2018-06-20T18:54:53","guid":{"rendered":"https:\/\/radiowebmx.com\/nota\/?p=54401"},"modified":"2018-06-20T13:54:53","modified_gmt":"2018-06-20T18:54:53","slug":"respalda-congreso-acciones-para-fortalecer-seguridad-publica-roberto-carlos-lopez","status":"publish","type":"post","link":"https:\/\/radiowebmx.com\/nota\/respalda-congreso-acciones-para-fortalecer-seguridad-publica-roberto-carlos-lopez\/","title":{"rendered":"Respalda Congreso acciones para fortalecer seguridad p\u00fablica: Roberto Carlos L\u00f3pez"},"content":{"rendered":"<p><img loading=\"lazy\" decoding=\"async\" class=\"\" src=\"https:\/\/attachment.outlook.live.net\/owa\/ultrapolitica@hotmail.com\/service.svc\/s\/GetAttachmentThumbnail?id=AQMkADAwATYwMAItODMyNi00ODU0LTAwAi0wMAoARgAAA5HawHgQuq9DrqMPu%2BRLC5sHANRV7lYdW%2FpNtd2j%2BEW2swoAAAIBDAAAANRV7lYdW%2FpNtd2j%2BEW2swoAAnoRjaoAAAABEgAQACrDe1lJcQhCnqIJ%2FbZQpqw%3D&amp;thumbnailType=2&amp;X-OWA-CANARY=k_i1HckxXEeUtAHCsbLwZaBWzibf1tUYsi4m8bJUquK6pKSv9hHZFRw6iJC6KBJXQUR-PR2UCAA.&amp;token=eyJhbGciOiJSUzI1NiIsImtpZCI6IjA2MDBGOUY2NzQ2MjA3MzdFNzM0MDRFMjg3QzQ1QTgxOENCN0NFQjgiLCJ4NXQiOiJCZ0Q1OW5SaUJ6Zm5OQVRpaDhSYWdZeTN6cmciLCJ0eXAiOiJKV1QifQ.eyJ2ZXIiOiJFeGNoYW5nZS5DYWxsYmFjay5WMSIsImFwcGN0eHNlbmRlciI6Ik93YURvd25sb2FkQDg0ZGY5ZTdmLWU5ZjYtNDBhZi1iNDM1LWFhYWFhYWFhYWFhYSIsImFwcGN0eCI6IntcIm1zZXhjaHByb3RcIjpcIm93YVwiLFwicHJpbWFyeXNpZFwiOlwiUy0xLTI4MjctMzkzMjE2LTIyMDAzMjQxODBcIixcInB1aWRcIjpcIjE2ODg4NTIwNjA1ODgxMTZcIixcIm9pZFwiOlwiMDAwNjAwMDAtODMyNi00ODU0LTAwMDAtMDAwMDAwMDAwMDAwXCIsXCJzY29wZVwiOlwiT3dhRG93bmxvYWRcIn0iLCJuYmYiOjE1Mjk1MjA2MTIsImV4cCI6MTUyOTUyMTIxMiwiaXNzIjoiMDAwMDAwMDItMDAwMC0wZmYxLWNlMDAtMDAwMDAwMDAwMDAwQDg0ZGY5ZTdmLWU5ZjYtNDBhZi1iNDM1LWFhYWFhYWFhYWFhYSIsImF1ZCI6IjAwMDAwMDAyLTAwMDAtMGZmMS1jZTAwLTAwMDAwMDAwMDAwMC9hdHRhY2htZW50Lm91dGxvb2subGl2ZS5uZXRAODRkZjllN2YtZTlmNi00MGFmLWI0MzUtYWFhYWFhYWFhYWFhIn0.FAKO1ymR_PCirL7CJw9knz4TdBiqPn6XbSRMXp-D7x_5q2cF7IGf-LqGWyzrKVNhAAqeylopP_y1ZZ_SeXAcaRk70GZYekO5cBbqfAP8TBupmbD2ygQY7m9WnMPAznepG4unRx0imjPSuOz4GZajuk8NsOmrF12gJMmiRydGrMGmDn-AhfiR5eFiSO_R0ZC7lSQT6Nyydhm0gsLHmvvM8codtqH_uHtE0XQdmT2k6ZQXtXdgSoLKShuYrYA10pyzRbErrTHGeF6ZFFV0eBHVKOnZHMj0bFkkBldF3dMSCIEgnYp9LU2danOQd-QIqOt7PCezZPB7FMugS3Yy21gWsg&amp;owa=outlook.live.com&amp;isc=1\" width=\"401\" height=\"267\" \/><\/p>\n<p>&nbsp;<\/p>\n<p class=\"x_MsoNormal\"><b>Morelia; Michoac\u00e1n, 20 de junio de 2018<\/b>.- -El Poder Legislativo ha respaldado las acciones para fortalecer la seguridad en el estado, con la aprobaci\u00f3n de normas destinadas a promover la cultura de la paz y prevenci\u00f3n del delito; as\u00ed como otorgando mayores recursos para las instituciones encargadas de la seguridad p\u00fablica, destac\u00f3 el diputado Presidente de la Mesa Directiva del Congreso del Estado, Roberto Carlos L\u00f3pez.<\/p>\n<p class=\"x_MsoNormal\">Lo anterior, en el marco de la celebraci\u00f3n de la primera sesi\u00f3n ordinaria del Consejo Estatal de Seguridad P\u00fablica, que preside el Gobernador del Estado, Silvano Aureoles Conejo, y durante la cual, se aprobaron acuerdos para coordinar, enriquecer y planificar las acciones destinadas a cumplir los fines de la seguridad p\u00fablica en el estado.<\/p>\n<p class=\"x_MsoNormal\">En su intervenci\u00f3n, el legislador se\u00f1al\u00f3 que ante la situaci\u00f3n actual que vive el estado, las acciones acordadas por el Consejo Estatal, del cual forma parte, permitir\u00e1n una mayor y m\u00e1s eficiente coordinaci\u00f3n entre las instituciones p\u00fablicas responsables, para incrementar eficaz y cualitativamente la seguridad, as\u00ed como un aprovechamiento \u00f3ptimo de los recursos destinados para este prop\u00f3sito.<\/p>\n<p class=\"x_MsoNormal\">Agreg\u00f3 que el Congreso del Estado se ha pronunciado por atacar las causas de la violencia e iniciar un programa integral de prevenci\u00f3n de los delitos. Por ello, el respaldo ha sido firme, etiquetando mayores recursos a la Secretar\u00eda de Seguridad P\u00fablica, presupuesto que se ha duplicado durante los dos \u00faltimos a\u00f1os, con la confianza de que tambi\u00e9n se destine en \u00e1reas dedicadas a la prevenci\u00f3n del delito.<\/p>\n<p class=\"x_MsoNormal\">No se puede continuar siendo reactivos ante un fen\u00f3meno que exige atacar las causas; prevenir y generar proyectos a largo plazo debe darnos un mejor resultado entre nuestros ni\u00f1os y la juventud michoacana, a\u00f1adi\u00f3.<\/p>\n<p class=\"x_MsoNormal\">Con ese prop\u00f3sito, la LXXIII Legislatura aprob\u00f3 la Ley para una Cultura de Paz y Prevenci\u00f3n de la Violencia y la Delincuencia, que confiere a las autoridades y los ciudadanos un papel activo en la promoci\u00f3n de valores de legalidad, justicia, paz y respeto. Ahora corresponde a los ciudadanos y las autoridades, darle vida y hacer valer una nueva posibilidad para establecer un nuevo escenario para Michoac\u00e1n, coment\u00f3.<\/p>\n<p class=\"x_MsoNormal\">Asimismo, reconoci\u00f3 la voluntad del Gobierno del Estado para generar mejores condiciones en favor de los elementos de seguridad p\u00fablica, proporcion\u00e1ndoles aumento en sus salarios, mejor equipamiento, capacitaci\u00f3n e infraestructura.<\/p>\n<p class=\"x_MsoNormal\">De igual forma, exhort\u00f3 respetuosamente a los ayuntamientos a que etiqueten recursos con ese prop\u00f3sito y establezcan acciones que permitan atacar las causas del delito, para brindar seguridad y confianza a la sociedad michoacana.<\/p>\n","protected":false},"excerpt":{"rendered":"<p>&nbsp; Morelia; Michoac\u00e1n, 20 de junio de 2018.- -El Poder Legislativo ha respaldado las acciones para fortalecer la seguridad en el estado, con la aprobaci\u00f3n de normas destinadas a promover la cultura de la paz y prevenci\u00f3n del delito; as\u00ed como otorgando mayores recursos para las instituciones encargadas de la seguridad p\u00fablica, destac\u00f3 el diputado [&hellip;]<\/p>\n","protected":false},"author":2,"featured_media":54402,"comment_status":"closed","ping_status":"closed","sticky":false,"template":"","format":"standard","meta":{"footnotes":""},"categories":[6,14],"tags":[],"class_list":["post-54401","post","type-post","status-publish","format-standard","has-post-thumbnail","hentry","category-congreso-del-estado","category-destacadas"],"_links":{"self":[{"href":"https:\/\/radiowebmx.com\/nota\/wp-json\/wp\/v2\/posts\/54401","targetHints":{"allow":["GET"]}}],"collection":[{"href":"https:\/\/radiowebmx.com\/nota\/wp-json\/wp\/v2\/posts"}],"about":[{"href":"https:\/\/radiowebmx.com\/nota\/wp-json\/wp\/v2\/types\/post"}],"author":[{"embeddable":true,"href":"https:\/\/radiowebmx.com\/nota\/wp-json\/wp\/v2\/users\/2"}],"replies":[{"embeddable":true,"href":"https:\/\/radiowebmx.com\/nota\/wp-json\/wp\/v2\/comments?post=54401"}],"version-history":[{"count":1,"href":"https:\/\/radiowebmx.com\/nota\/wp-json\/wp\/v2\/posts\/54401\/revisions"}],"predecessor-version":[{"id":54403,"href":"https:\/\/radiowebmx.com\/nota\/wp-json\/wp\/v2\/posts\/54401\/revisions\/54403"}],"wp:featuredmedia":[{"embeddable":true,"href":"https:\/\/radiowebmx.com\/nota\/wp-json\/wp\/v2\/media\/54402"}],"wp:attachment":[{"href":"https:\/\/radiowebmx.com\/nota\/wp-json\/wp\/v2\/media?parent=54401"}],"wp:term":[{"taxonomy":"category","embeddable":true,"href":"https:\/\/radiowebmx.com\/nota\/wp-json\/wp\/v2\/categories?post=54401"},{"taxonomy":"post_tag","embeddable":true,"href":"https:\/\/radiowebmx.com\/nota\/wp-json\/wp\/v2\/tags?post=54401"}],"curies":[{"name":"wp","href":"https:\/\/api.w.org\/{rel}","templated":true}]}}