{"id":5440,"date":"2014-02-12T14:11:01","date_gmt":"2014-02-12T20:11:01","guid":{"rendered":"https:\/\/radiowebmx.com\/nota\/?p=5440"},"modified":"2014-02-12T14:11:01","modified_gmt":"2014-02-12T20:11:01","slug":"ofrece-charo-descuentos-en-pago-del-predial-a-adultos-mayores-de-65-anos","status":"publish","type":"post","link":"https:\/\/radiowebmx.com\/nota\/ofrece-charo-descuentos-en-pago-del-predial-a-adultos-mayores-de-65-anos\/","title":{"rendered":"Ofrece Charo descuentos en pago del predial a adultos mayores de 65 a\u00f1os."},"content":{"rendered":"<p>Con el compromiso de apoyar a todos los adultos mayores de 65 a\u00f1os el Ayuntamiento de Charo, \u00a0con aprobaci\u00f3n del Cabildo, ofrece para este mes 50 por ciento de descuento en el pago del impuesto predial.<\/p>\n<p>El presidente municipal, Ra\u00fal Prieto G\u00f3mez, resalt\u00f3 que es importante apoyar a uno de los sectores m\u00e1s vulnerables de sociedad, como son las personas de la tercera edad, y as\u00ed de esta manera abonar a la buena econom\u00eda de las familias de Charo, por lo que invita a todas estas personas a realizar el pago de su predial durante este mes para que aprovechen el descuento del 50 por ciento en el pago de su predial.<\/p>\n<p>El alcalde, se\u00f1al\u00f3 que para esta administraci\u00f3n es prioritario seguir apoyando a los adultos mayores, ya que con el pago del predial se realizan obras en las diferentes comunidades para beneficio de la poblaci\u00f3n.<\/p>\n<p>&nbsp;<\/p>\n","protected":false},"excerpt":{"rendered":"<p>Con el compromiso de apoyar a todos los adultos mayores de 65 a\u00f1os el Ayuntamiento de Charo,  con aprobaci\u00f3n del Cabildo, ofrece para este mes 50 por ciento de descuento en el pago del impuesto predial.<\/p>\n","protected":false},"author":1,"featured_media":0,"comment_status":"open","ping_status":"open","sticky":false,"template":"","format":"standard","meta":{"footnotes":""},"categories":[3],"tags":[],"class_list":["post-5440","post","type-post","status-publish","format-standard","hentry","category-gobierno-del-estado-de-michoacan"],"_links":{"self":[{"href":"https:\/\/radiowebmx.com\/nota\/wp-json\/wp\/v2\/posts\/5440","targetHints":{"allow":["GET"]}}],"collection":[{"href":"https:\/\/radiowebmx.com\/nota\/wp-json\/wp\/v2\/posts"}],"about":[{"href":"https:\/\/radiowebmx.com\/nota\/wp-json\/wp\/v2\/types\/post"}],"author":[{"embeddable":true,"href":"https:\/\/radiowebmx.com\/nota\/wp-json\/wp\/v2\/users\/1"}],"replies":[{"embeddable":true,"href":"https:\/\/radiowebmx.com\/nota\/wp-json\/wp\/v2\/comments?post=5440"}],"version-history":[{"count":2,"href":"https:\/\/radiowebmx.com\/nota\/wp-json\/wp\/v2\/posts\/5440\/revisions"}],"predecessor-version":[{"id":5442,"href":"https:\/\/radiowebmx.com\/nota\/wp-json\/wp\/v2\/posts\/5440\/revisions\/5442"}],"wp:attachment":[{"href":"https:\/\/radiowebmx.com\/nota\/wp-json\/wp\/v2\/media?parent=5440"}],"wp:term":[{"taxonomy":"category","embeddable":true,"href":"https:\/\/radiowebmx.com\/nota\/wp-json\/wp\/v2\/categories?post=5440"},{"taxonomy":"post_tag","embeddable":true,"href":"https:\/\/radiowebmx.com\/nota\/wp-json\/wp\/v2\/tags?post=5440"}],"curies":[{"name":"wp","href":"https:\/\/api.w.org\/{rel}","templated":true}]}}