{"id":54389,"date":"2018-06-20T12:32:33","date_gmt":"2018-06-20T17:32:33","guid":{"rendered":"https:\/\/radiowebmx.com\/nota\/?p=54389"},"modified":"2018-06-20T12:32:33","modified_gmt":"2018-06-20T17:32:33","slug":"soy-el-unico-al-que-no-pueden-acusar-de-corrupto-constantino-ortiz","status":"publish","type":"post","link":"https:\/\/radiowebmx.com\/nota\/soy-el-unico-al-que-no-pueden-acusar-de-corrupto-constantino-ortiz\/","title":{"rendered":"Soy el \u00fanico al que no pueden acusar de corrupto: Constantino Ortiz"},"content":{"rendered":"<p><strong>Morelia, Michoac\u00e1n<\/strong>.- El\u00a0candidato\u00a0del\u00a0Partido Verde Ecologista de M\u00e9xico\u00a0(PVEM) por la presidencia de Morelia,\u00a0Constantino Ortiz, se mantiene en la delantera de la preferencia electoral a pesar de los diversos ataques fallidos de los adversarios que han intentado tirar su candidatura en repetidas ocasiones.<\/p>\n<p>A decir del empresario, \u201csoy el \u00fanico\u00a0de todos los competidores que\u00a0al que no puede acusar de corrupto, de\u00a0enriquecerse\u00a0de manera il\u00edcita mientras fue diputado o presidente municipal, as\u00ed como tampoco de no haberle dado valores a mis hijos\u201d, porque \u201cyo nunca he vivido del dinero de los ciudadanos, he trabajado por mi cuenta y me he dedicado a la generaci\u00f3n de empleos para los morelianos\u201d.<\/p>\n<p>Por eso, exhibi\u00f3 que, primero, la \u201ccandidata del partido rosa, quien se averg\u00fcenza de su partido y ya hasta le cambio el color, me impugn\u00f3 dos veces la candidatura para que yo no fuera candidato por el Partido Verde\u201d, lo que le negaron lostribunales electorales\u00a0las dos veces.<\/p>\n<p>Despu\u00e9s, continu\u00f3, otro competidor \u201cavent\u00f3 al aire el rumor de que declinar\u00eda por \u00e9l, para hacer creer a los ciudadanos que ya no estoy en la jugada electoral, sin embargo, yo dejo en claro que jam\u00e1s apoyar\u00e9 a un pol\u00edtico que siempre ha quedado a deber a los capitalinos y cuyo proyecto es totalmente diferente al m\u00edo\u201d.<\/p>\n<p>Puntualiz\u00f3 que \u201cquienes me conocen y a quienes he presentado mi propuesta de gobierno, saben que soy hombre de trabajo, de palabra y de valores, que por eso sabr\u00e9 hacer las cosas una vez que con su apoyo llegue a la presidencia capitalina\u201d.<\/p>\n<p>Record\u00f3 el titular de la planilla verde \u201cT\u00fa decides el cambio\u201d que fue presidente de dos importantes c\u00e1maras empresariales en el Estado, como es Consejo Coordinador Empresarial, de donde se desprendi\u00f3 la visi\u00f3n ciudadana que ahora propongo para sacar a Morelia del rezago social y econ\u00f3mico, de la falta de oportunidades laborales para los j\u00f3venes y los sectores vulnerables y del primer lugar en comisi\u00f3n de delitos.<\/p>\n<p>Constantino Ortiz evidenci\u00f3 que los otros candidatos ni siquiera podr\u00edan hacer\u00a0planteamientos\u00a0a los\u00a0morelianos\u00a0como los que \u00e9l propone, como el que el gobierno ser\u00e1 completamente ciudadano, para lo cual se conformar\u00e1 un comit\u00e9 de morelianos que determinen qu\u00e9 obras se realizar\u00e1n y revisar\u00e1 el costo de las mismas, asimismo, se crear\u00e1 la\u00a0Direcci\u00f3n de Tenencias y Comunidades Rurales, que atender\u00e1 en lo particular las necesidades de cada lugar.<\/p>\n<p>Asimismo se\u00f1al\u00f3 que \u00e9l tiene propuestas de gran visi\u00f3n en materia econ\u00f3mica, como es la construcci\u00f3n del\u00a0Telef\u00e9rico\u00a0para bajar de las partes altas de la ciudad y potencializar\u00e1 la atracci\u00f3n tur\u00edstica; la estructuraci\u00f3n de un Puerto Seco que aprovechar\u00e1 una ubicaci\u00f3n cercana a la\u00a0autopista P\u00e1tcuaro-Cuitzeo, que generar\u00e1 cientos de empleos y que ser\u00e1 la motivaci\u00f3n que se necesita para que la empresa\u00a0Kansas City Southern\u00a0mueva las v\u00edas del tren del centro de la ciudad hacia este punto, as\u00ed como instalaci\u00f3n de un Tren Suburbano en el\u00a0Centro Hist\u00f3rico, como lo tienen importantes ciudades del mundo con el estilo colonial de Morelia.<\/p>\n<p>Por estas razones, el candidato llam\u00f3 a votar \u201cPuro verde\u201d este 1\u00b0 de julio, a fin de que el triunfo sea contundente y los otros candidatos no consideren la posibilidad de acudir nuevamente a los tribunales electorales.<\/p>\n","protected":false},"excerpt":{"rendered":"<p>Morelia, Michoac\u00e1n.- El\u00a0candidato\u00a0del\u00a0Partido Verde Ecologista de M\u00e9xico\u00a0(PVEM) por la presidencia de Morelia,\u00a0Constantino Ortiz, se mantiene en la delantera de la preferencia electoral a pesar de los diversos ataques fallidos de los adversarios que han intentado tirar su candidatura en repetidas ocasiones. A decir del empresario, \u201csoy el \u00fanico\u00a0de todos los competidores que\u00a0al que no puede [&hellip;]<\/p>\n","protected":false},"author":2,"featured_media":54390,"comment_status":"closed","ping_status":"closed","sticky":false,"template":"","format":"standard","meta":{"footnotes":""},"categories":[14,90],"tags":[],"class_list":["post-54389","post","type-post","status-publish","format-standard","has-post-thumbnail","hentry","category-destacadas","category-elecciones-2018"],"_links":{"self":[{"href":"https:\/\/radiowebmx.com\/nota\/wp-json\/wp\/v2\/posts\/54389","targetHints":{"allow":["GET"]}}],"collection":[{"href":"https:\/\/radiowebmx.com\/nota\/wp-json\/wp\/v2\/posts"}],"about":[{"href":"https:\/\/radiowebmx.com\/nota\/wp-json\/wp\/v2\/types\/post"}],"author":[{"embeddable":true,"href":"https:\/\/radiowebmx.com\/nota\/wp-json\/wp\/v2\/users\/2"}],"replies":[{"embeddable":true,"href":"https:\/\/radiowebmx.com\/nota\/wp-json\/wp\/v2\/comments?post=54389"}],"version-history":[{"count":1,"href":"https:\/\/radiowebmx.com\/nota\/wp-json\/wp\/v2\/posts\/54389\/revisions"}],"predecessor-version":[{"id":54391,"href":"https:\/\/radiowebmx.com\/nota\/wp-json\/wp\/v2\/posts\/54389\/revisions\/54391"}],"wp:featuredmedia":[{"embeddable":true,"href":"https:\/\/radiowebmx.com\/nota\/wp-json\/wp\/v2\/media\/54390"}],"wp:attachment":[{"href":"https:\/\/radiowebmx.com\/nota\/wp-json\/wp\/v2\/media?parent=54389"}],"wp:term":[{"taxonomy":"category","embeddable":true,"href":"https:\/\/radiowebmx.com\/nota\/wp-json\/wp\/v2\/categories?post=54389"},{"taxonomy":"post_tag","embeddable":true,"href":"https:\/\/radiowebmx.com\/nota\/wp-json\/wp\/v2\/tags?post=54389"}],"curies":[{"name":"wp","href":"https:\/\/api.w.org\/{rel}","templated":true}]}}