{"id":54380,"date":"2018-06-19T19:19:57","date_gmt":"2018-06-20T00:19:57","guid":{"rendered":"https:\/\/radiowebmx.com\/nota\/?p=54380"},"modified":"2018-06-20T11:19:02","modified_gmt":"2018-06-20T16:19:02","slug":"inhumano-trato-a-ninos-y-ninas-migrantes-en-frontera-con-eu-silvano-aureoles","status":"publish","type":"post","link":"https:\/\/radiowebmx.com\/nota\/inhumano-trato-a-ninos-y-ninas-migrantes-en-frontera-con-eu-silvano-aureoles\/","title":{"rendered":"Inhumano, trato a ni\u00f1os y ni\u00f1as migrantes en frontera con EU: Silvano Aureoles"},"content":{"rendered":"<ul>\n<li>Urge el mandatario michoacano a impulsar una reforma a las leyes migratorias de EU, acorde a la realidad actual y que protejan los derechos humanos.<\/li>\n<\/ul>\n<p><strong>Morelia, Michoac\u00e1n, a 19 de junio de 2018.-<\/strong>\u00a0Como estado binacional que somos, en el Gobierno de Michoac\u00e1n reprobamos las condiciones de encierro y de separaci\u00f3n que est\u00e1n padeciendo ni\u00f1os y ni\u00f1as migrantes como parte de las medidas del gobierno estadounidense en la frontera con M\u00e9xico.<\/p>\n<p>As\u00ed lo expres\u00f3 el Gobernador Constitucional Silvano Aureoles Conejo, quien afirm\u00f3 que a trav\u00e9s de las Casas Michoac\u00e1n en Estados Unidos y la Secretar\u00eda del Migrante del Estado, se brindar\u00e1 todo el apoyo a las y los migrantes que lo requieran, con orientaci\u00f3n y asesor\u00eda legal, entre otras medidas.<\/p>\n<p>\u201cNing\u00fan michoacano o michoacana quedar\u00e1 desprotegida, pues es inhumano lo que est\u00e1n viviendo las familias en la frontera con Estados Unidos; no hay ninguna excusa para separar de esa manera tan cruel a los ni\u00f1os y ni\u00f1as de su padre o madre\u201d, se\u00f1al\u00f3 el mandatario michoacano.<\/p>\n<p>Aureoles Conejo destac\u00f3 la urgencia de impulsar una reforma a las leyes migratorias en Estados Unidos, acorde a la realidad actual a trav\u00e9s de marcos jur\u00eddicos que fortalezcan los lazos familiares y el respeto a los derechos humanos.<\/p>\n<p>\u201cSomos vecinos, aliados, socios, y ademas de compartir una frontera tenemos una creciente poblaci\u00f3n binacional que no puede soslayarse ni ocultarse\u201d, enfatiz\u00f3 el titular del Ejecutivo del Estado.<\/p>\n<p>El Gobernador michoacano se\u00f1al\u00f3 que son alrededor de 2 mil ni\u00f1as y ni\u00f1os que, junto a sus padres y madres, han vivido la angustia de no saber qu\u00e9 pasar\u00e1 con ellos y ellas mientras pasan sus d\u00edas en espacios enrejados.<\/p>\n<p>\u201cLa pol\u00edtica migratoria de Estados Unidos es de \u2018cero tolerancia\u2019, pero se est\u00e1 convirtiendo en \u2018cero humanidad\u2019, por eso demos como pueblo michoacano y mexicano todo el apoyo a nuestros hermanos y hermanas migrantes. Convirtamos la indignaci\u00f3n, el dolor y la frustraci\u00f3n en solidaridad; que sepan que no est\u00e1n solos ni solas\u201d, sostuvo.<\/p>\n","protected":false},"excerpt":{"rendered":"<p>Urge el mandatario michoacano a impulsar una reforma a las leyes migratorias de EU, acorde a la realidad actual y que protejan los derechos humanos. Morelia, Michoac\u00e1n, a 19 de junio de 2018.-\u00a0Como estado binacional que somos, en el Gobierno de Michoac\u00e1n reprobamos las condiciones de encierro y de separaci\u00f3n que est\u00e1n padeciendo ni\u00f1os y [&hellip;]<\/p>\n","protected":false},"author":2,"featured_media":54381,"comment_status":"closed","ping_status":"closed","sticky":false,"template":"","format":"standard","meta":{"footnotes":""},"categories":[14,3,60],"tags":[],"class_list":["post-54380","post","type-post","status-publish","format-standard","has-post-thumbnail","hentry","category-destacadas","category-gobierno-del-estado-de-michoacan","category-michoacan"],"_links":{"self":[{"href":"https:\/\/radiowebmx.com\/nota\/wp-json\/wp\/v2\/posts\/54380","targetHints":{"allow":["GET"]}}],"collection":[{"href":"https:\/\/radiowebmx.com\/nota\/wp-json\/wp\/v2\/posts"}],"about":[{"href":"https:\/\/radiowebmx.com\/nota\/wp-json\/wp\/v2\/types\/post"}],"author":[{"embeddable":true,"href":"https:\/\/radiowebmx.com\/nota\/wp-json\/wp\/v2\/users\/2"}],"replies":[{"embeddable":true,"href":"https:\/\/radiowebmx.com\/nota\/wp-json\/wp\/v2\/comments?post=54380"}],"version-history":[{"count":1,"href":"https:\/\/radiowebmx.com\/nota\/wp-json\/wp\/v2\/posts\/54380\/revisions"}],"predecessor-version":[{"id":54382,"href":"https:\/\/radiowebmx.com\/nota\/wp-json\/wp\/v2\/posts\/54380\/revisions\/54382"}],"wp:featuredmedia":[{"embeddable":true,"href":"https:\/\/radiowebmx.com\/nota\/wp-json\/wp\/v2\/media\/54381"}],"wp:attachment":[{"href":"https:\/\/radiowebmx.com\/nota\/wp-json\/wp\/v2\/media?parent=54380"}],"wp:term":[{"taxonomy":"category","embeddable":true,"href":"https:\/\/radiowebmx.com\/nota\/wp-json\/wp\/v2\/categories?post=54380"},{"taxonomy":"post_tag","embeddable":true,"href":"https:\/\/radiowebmx.com\/nota\/wp-json\/wp\/v2\/tags?post=54380"}],"curies":[{"name":"wp","href":"https:\/\/api.w.org\/{rel}","templated":true}]}}