{"id":54374,"date":"2018-06-19T18:12:24","date_gmt":"2018-06-19T23:12:24","guid":{"rendered":"https:\/\/radiowebmx.com\/nota\/?p=54374"},"modified":"2018-06-20T11:10:59","modified_gmt":"2018-06-20T16:10:59","slug":"supervisa-gobernador-infraestructura-carretera-en-capula","status":"publish","type":"post","link":"https:\/\/radiowebmx.com\/nota\/supervisa-gobernador-infraestructura-carretera-en-capula\/","title":{"rendered":"Supervisa Gobernador infraestructura carretera en Capula"},"content":{"rendered":"<p><img loading=\"lazy\" decoding=\"async\" class=\"\" src=\"http:\/\/michoacan.gob.mx\/wp-content\/uploads\/2018\/06\/a50f8ceb-fe2d-418d-9c25-6908705d61d9.jpeg\" width=\"401\" height=\"267\" \/><\/p>\n<p>&nbsp;<\/p>\n<ul>\n<li><strong>El mandatario estatal constat\u00f3 los trabajos de inicio de la construcci\u00f3n del camino del entronque carretero Morelia- Quiroga hacia Capula.<\/strong><\/li>\n<li><strong>Se buscar\u00e1 habilitar un andador en este tramo carretero para que pueda ser disfrutado a pie y en bicicleta, adem\u00e1s de que se rehabilitar\u00e1 el templo para atraer m\u00e1s turistas.<\/strong><\/li>\n<\/ul>\n<p><strong>Morelia, Michoac\u00e1n, a 19 de junio de 2018.-<\/strong>\u00a0El Gobernador Constitucional, Silvano Aureoles Conejo, supervis\u00f3 esta tarde los trabajos de construcci\u00f3n del camino del entronque carretero Morelia- Quiroga hacia Capula, del kil\u00f3metro 0+000 al 1+000, mismo que ten\u00eda m\u00e1s de 20 a\u00f1os sin ser intervenido y el cual estar\u00e1 en \u00f3ptimas condiciones en menos de un mes, en beneficio no s\u00f3lo de los habitantes de la tenencia, tambi\u00e9n de turistas que visitan el lugar.<\/p>\n<p>En este marco, se inform\u00f3 que en pr\u00f3ximos d\u00edas iniciar\u00e1n los trabajos de rehabilitaci\u00f3n del templo y se buscar\u00e1 extender los recursos para que este tramo carretero pueda contar con un andador, que permita a la y el peat\u00f3n poder disfrutar de esta vialidad a pie o en bicicleta.<\/p>\n<p>El titular del Ejecutivo Estatal mostr\u00f3 su inter\u00e9s por darle seguimiento a la solicitud de sus pobladores y pobladoras, para hacer de Capula un Pueblo M\u00e1gico y con ello, se convierta en un aliciente m\u00e1s para el arribo de visitantes de todo el mundo.<\/p>\n<p>\u201cLas catrinas se han hecho famosas en todo el mundo y le han dado identidad a Capula, han cobrado relevancia en diversas exposiciones artesanales y han hecho que m\u00e1s personas quieran venir a conocerlas. Adem\u00e1s de que la gastronom\u00eda que aqu\u00ed se oferta es digna de promover\u201d, pronunci\u00f3 el mandatario estatal.<\/p>\n<p>Destac\u00f3 tambi\u00e9n que es una de las tenencias m\u00e1s bonitas de Morelia, gracias a su arquitectura colonial que le da realce.<\/p>\n<p>En su participaci\u00f3n, el secretario de Comunicaciones y Obras P\u00fablicas, Jos\u00e9 Juan Dom\u00ednguez L\u00f3pez, explic\u00f3 que se realizar\u00e1n trabajos de bacheo, nivelaci\u00f3n y colocaci\u00f3n de sobre carpeta, lo que garantiza la circulaci\u00f3n en condici\u00f3n c\u00f3moda y segura, acciones que en su conjunto tendr\u00e1n una inversi\u00f3n de 2 millones de pesos.<\/p>\n<p>El jefe de Tenencia de Capula, Humberto Trujillo Neri, agradeci\u00f3 a nombre de todos y todas la rapidez y fluidez con la que se atendi\u00f3 esta solicitud, pues asegur\u00f3 que al ser un pueblo en constante crecimiento de potencial tur\u00edstico, con estas obras se ofrece un servicio digno para el visitante.<\/p>\n<p>En el evento estuvieron presentes la coordinadora general de Atenci\u00f3n Ciudadana, Elena Vega Uribe, as\u00ed como p\u00fablico en general.<\/p>\n<p>&nbsp;<\/p>\n<p><img loading=\"lazy\" decoding=\"async\" class=\"\" src=\"http:\/\/michoacan.gob.mx\/wp-content\/uploads\/2018\/06\/d42d9581-1256-4fad-ab87-5d4a0102fd84.jpeg\" width=\"399\" height=\"266\" \/><\/p>\n<p><img loading=\"lazy\" decoding=\"async\" class=\"\" src=\"http:\/\/michoacan.gob.mx\/wp-content\/uploads\/2018\/06\/5014ba49-dc7c-4873-96fa-d321225d84c4.jpeg\" width=\"400\" height=\"266\" \/><\/p>\n","protected":false},"excerpt":{"rendered":"<p>&nbsp; El mandatario estatal constat\u00f3 los trabajos de inicio de la construcci\u00f3n del camino del entronque carretero Morelia- Quiroga hacia Capula. Se buscar\u00e1 habilitar un andador en este tramo carretero para que pueda ser disfrutado a pie y en bicicleta, adem\u00e1s de que se rehabilitar\u00e1 el templo para atraer m\u00e1s turistas. Morelia, Michoac\u00e1n, a 19 [&hellip;]<\/p>\n","protected":false},"author":2,"featured_media":54375,"comment_status":"closed","ping_status":"closed","sticky":false,"template":"","format":"standard","meta":{"footnotes":""},"categories":[14,3,60],"tags":[],"class_list":["post-54374","post","type-post","status-publish","format-standard","has-post-thumbnail","hentry","category-destacadas","category-gobierno-del-estado-de-michoacan","category-michoacan"],"_links":{"self":[{"href":"https:\/\/radiowebmx.com\/nota\/wp-json\/wp\/v2\/posts\/54374","targetHints":{"allow":["GET"]}}],"collection":[{"href":"https:\/\/radiowebmx.com\/nota\/wp-json\/wp\/v2\/posts"}],"about":[{"href":"https:\/\/radiowebmx.com\/nota\/wp-json\/wp\/v2\/types\/post"}],"author":[{"embeddable":true,"href":"https:\/\/radiowebmx.com\/nota\/wp-json\/wp\/v2\/users\/2"}],"replies":[{"embeddable":true,"href":"https:\/\/radiowebmx.com\/nota\/wp-json\/wp\/v2\/comments?post=54374"}],"version-history":[{"count":1,"href":"https:\/\/radiowebmx.com\/nota\/wp-json\/wp\/v2\/posts\/54374\/revisions"}],"predecessor-version":[{"id":54376,"href":"https:\/\/radiowebmx.com\/nota\/wp-json\/wp\/v2\/posts\/54374\/revisions\/54376"}],"wp:featuredmedia":[{"embeddable":true,"href":"https:\/\/radiowebmx.com\/nota\/wp-json\/wp\/v2\/media\/54375"}],"wp:attachment":[{"href":"https:\/\/radiowebmx.com\/nota\/wp-json\/wp\/v2\/media?parent=54374"}],"wp:term":[{"taxonomy":"category","embeddable":true,"href":"https:\/\/radiowebmx.com\/nota\/wp-json\/wp\/v2\/categories?post=54374"},{"taxonomy":"post_tag","embeddable":true,"href":"https:\/\/radiowebmx.com\/nota\/wp-json\/wp\/v2\/tags?post=54374"}],"curies":[{"name":"wp","href":"https:\/\/api.w.org\/{rel}","templated":true}]}}