{"id":54371,"date":"2018-06-19T18:07:20","date_gmt":"2018-06-19T23:07:20","guid":{"rendered":"https:\/\/radiowebmx.com\/nota\/?p=54371"},"modified":"2018-06-20T11:09:09","modified_gmt":"2018-06-20T16:09:09","slug":"mejores-caminos-para-comunidades-de-huaniqueo","status":"publish","type":"post","link":"https:\/\/radiowebmx.com\/nota\/mejores-caminos-para-comunidades-de-huaniqueo\/","title":{"rendered":"Mejores caminos para comunidades de Huaniqueo"},"content":{"rendered":"<p><img loading=\"lazy\" decoding=\"async\" class=\"\" src=\"http:\/\/michoacan.gob.mx\/wp-content\/uploads\/2018\/06\/38eaeac7-73b3-4752-a3ef-f856fb214256.jpeg\" width=\"401\" height=\"267\" \/><\/p>\n<ul>\n<li><strong>El Gobernador Silvano Aureoles supervisa el inicio de construcci\u00f3n de cancha de usos m\u00faltiples en la localidad de Jes\u00fas Mar\u00eda y el camino que comunica a este poblado con Coeperio.<\/strong><\/li>\n<\/ul>\n<p><strong>Jes\u00fas Mar\u00eda, mpio. de Huaniqueo, Michoac\u00e1n, a 19 de junio de 2018.-<\/strong>\u00a0Para acercar m\u00e1s a las comunidades y que \u00e9stas cuenten con mejores servicios a favor de sus habitantes, se rehabilitar\u00e1 y colocar\u00e1 techumbre en la cancha de usos m\u00faltiples de esta localidad y se construir\u00e1 el camino que comunica esta poblaci\u00f3n con Coeperio.<\/p>\n<p>As\u00ed lo constat\u00f3 el Gobernador del Estado, Silvano Aureoles Conejo, al supervisar el inicio de estos trabajos que estar\u00e1n concluidos en aproximadamente dos meses y en los que se destinar\u00e1n 8 millones de pesos.<\/p>\n<p>El mandatario estatal reconoci\u00f3 que gracias a la vocaci\u00f3n productora de este municipio, hoy Michoac\u00e1n es primer lugar nacional en producci\u00f3n de lenteja, leguminosa de alto valor nutritivo.<\/p>\n<p>En este marco, se inform\u00f3 que est\u00e1 pr\u00f3ximo a firmarse un convenio con productoras y productores de lenteja de esta regi\u00f3n, para que sus insumos abastezcan a la Secretar\u00eda de Desarrollo Rural y Agroalimentario (Sedrua), as\u00ed como al Sistema DIF estatal, y as\u00ed generar un c\u00edrculo virtuoso.<\/p>\n<p>Sobre los trabajos que se desarrollar\u00e1n en esta comunidad, el secretario de Comunicaciones y Obras P\u00fablicas, Jos\u00e9 Juan Dom\u00ednguez L\u00f3pez, expuso que en lo que actualmente funge como cancha de b\u00e1squetbol, se colocar\u00e1 una estructura met\u00e1lica de 540 metros cuadrados y se sustituir\u00e1 el piso; a petici\u00f3n del Gobernador se habilitar\u00e1n las gradas y otras acciones para que en este espacio puedan desarrollarse m\u00faltiples actividades y sirva de punto de encuentro para la comunidad.<\/p>\n<p>En lo que se refiere al camino Jes\u00fas Mar\u00eda- Coeperio, se rehabilitar\u00e1 y colocar\u00e1 carpeta asf\u00e1ltica en un trayecto de 1.88 kil\u00f3metros.<\/p>\n<p>En su intervenci\u00f3n, el alcalde de Huaniqueo, Heriberto Ambris Tovar, celebr\u00f3 que en esta tercera visita del mandatario estatal a este municipio, al igual que en las anteriores, arribe con buenas noticias para sus habitantes, por lo que mostr\u00f3 su disposici\u00f3n de seguir la labor conjunta para acercar m\u00e1s beneficios a \u00e9sta y otras localidades.<\/p>\n<p>Armando Hurtado Ar\u00e9valo, subsecretario de Enlace Legislativo y oriundo de este municipio, manifest\u00f3 que las y los habitantes de Jes\u00fas Mar\u00eda nunca imaginaron que un Gobernador los visitar\u00eda, por lo que este d\u00eda es hist\u00f3rico para la comunidad.<\/p>\n<p>Al conversar con vecinas y vecinos del lugar, el mandatario estatal conoci\u00f3 de diversos productos procesados que aqu\u00ed se realizan en base a la lenteja, por lo que consider\u00f3 que la agroindustria debe seguir fortaleci\u00e9ndose en \u00e9sta y todas las regiones de Michoac\u00e1n.<\/p>\n<p>Acompa\u00f1aron al Gobernador a esta gira de trabajo, el delegado de Sagarpa en la entidad, Jaime Rodr\u00edguez L\u00f3pez; encargado del orden de Jes\u00fas Mar\u00eda, Ad\u00e1n Anguiano Rodr\u00edguez; el fiscal regional de Zamora, Nicol\u00e1s Maldonado Mill\u00e1n; as\u00ed como el coordinador del Centro Estatal de Tecnolog\u00edas de Informaci\u00f3n y Comunicaciones y enlace estatal con el municipio, Gabriel Ochoa Hern\u00e1ndez.<\/p>\n<p>&nbsp;<\/p>\n<p><img loading=\"lazy\" decoding=\"async\" class=\"\" src=\"http:\/\/michoacan.gob.mx\/wp-content\/uploads\/2018\/06\/9d26111d-8a51-43ca-8b7e-d735e93b8581.jpeg\" width=\"402\" height=\"268\" \/><\/p>\n","protected":false},"excerpt":{"rendered":"<p>El Gobernador Silvano Aureoles supervisa el inicio de construcci\u00f3n de cancha de usos m\u00faltiples en la localidad de Jes\u00fas Mar\u00eda y el camino que comunica a este poblado con Coeperio. Jes\u00fas Mar\u00eda, mpio. de Huaniqueo, Michoac\u00e1n, a 19 de junio de 2018.-\u00a0Para acercar m\u00e1s a las comunidades y que \u00e9stas cuenten con mejores servicios a [&hellip;]<\/p>\n","protected":false},"author":2,"featured_media":54372,"comment_status":"closed","ping_status":"closed","sticky":false,"template":"","format":"standard","meta":{"footnotes":""},"categories":[14,3,60],"tags":[],"class_list":["post-54371","post","type-post","status-publish","format-standard","has-post-thumbnail","hentry","category-destacadas","category-gobierno-del-estado-de-michoacan","category-michoacan"],"_links":{"self":[{"href":"https:\/\/radiowebmx.com\/nota\/wp-json\/wp\/v2\/posts\/54371","targetHints":{"allow":["GET"]}}],"collection":[{"href":"https:\/\/radiowebmx.com\/nota\/wp-json\/wp\/v2\/posts"}],"about":[{"href":"https:\/\/radiowebmx.com\/nota\/wp-json\/wp\/v2\/types\/post"}],"author":[{"embeddable":true,"href":"https:\/\/radiowebmx.com\/nota\/wp-json\/wp\/v2\/users\/2"}],"replies":[{"embeddable":true,"href":"https:\/\/radiowebmx.com\/nota\/wp-json\/wp\/v2\/comments?post=54371"}],"version-history":[{"count":1,"href":"https:\/\/radiowebmx.com\/nota\/wp-json\/wp\/v2\/posts\/54371\/revisions"}],"predecessor-version":[{"id":54373,"href":"https:\/\/radiowebmx.com\/nota\/wp-json\/wp\/v2\/posts\/54371\/revisions\/54373"}],"wp:featuredmedia":[{"embeddable":true,"href":"https:\/\/radiowebmx.com\/nota\/wp-json\/wp\/v2\/media\/54372"}],"wp:attachment":[{"href":"https:\/\/radiowebmx.com\/nota\/wp-json\/wp\/v2\/media?parent=54371"}],"wp:term":[{"taxonomy":"category","embeddable":true,"href":"https:\/\/radiowebmx.com\/nota\/wp-json\/wp\/v2\/categories?post=54371"},{"taxonomy":"post_tag","embeddable":true,"href":"https:\/\/radiowebmx.com\/nota\/wp-json\/wp\/v2\/tags?post=54371"}],"curies":[{"name":"wp","href":"https:\/\/api.w.org\/{rel}","templated":true}]}}