{"id":54368,"date":"2018-06-19T18:05:44","date_gmt":"2018-06-19T23:05:44","guid":{"rendered":"https:\/\/radiowebmx.com\/nota\/?p=54368"},"modified":"2018-06-20T11:07:12","modified_gmt":"2018-06-20T16:07:12","slug":"contara-cuitzeo-con-centro-de-salud-con-servicios-ampliados","status":"publish","type":"post","link":"https:\/\/radiowebmx.com\/nota\/contara-cuitzeo-con-centro-de-salud-con-servicios-ampliados\/","title":{"rendered":"Contar\u00e1 Cuitzeo con Centro de Salud con Servicios Ampliados"},"content":{"rendered":"<p><img loading=\"lazy\" decoding=\"async\" class=\"\" src=\"http:\/\/michoacan.gob.mx\/wp-content\/uploads\/2018\/06\/a556e4a6-ce3b-40d7-9930-23bf3e456388.jpeg\" width=\"401\" height=\"267\" \/><\/p>\n<p>&nbsp;<\/p>\n<ul>\n<li><strong>Supervisa Gobernador Silvano Aureoles Conejo la construcci\u00f3n del Centro que beneficiar\u00e1 a m\u00e1s de 30 mil habitantes de este lugar.<\/strong><\/li>\n<\/ul>\n<p><strong>Cuitzeo, Michoac\u00e1n, a 19 de junio de 2018.-<\/strong>\u00a0Para que las y los habitantes de Cuitzeo cuenten con mejor atenci\u00f3n en materia de salud, el Gobernador Constitucional Silvano Aureoles Conejo supervis\u00f3 la construcci\u00f3n del Centro de Salud con Servicios Ampliados que beneficiar\u00e1 a m\u00e1s de 30 mil personas de este lugar.<\/p>\n<p>Ante las y los pobladores del lugar, el Gobernador de Michoac\u00e1n manifest\u00f3 que se continuar\u00e1 haciendo lo necesario para mejorar la infraestructura hospitalaria de la entidad.<\/p>\n<p>En este sentido, refiri\u00f3 que entre los principales retos est\u00e1n el lograr el 100 por ciento de abasto en medicamento, as\u00ed como mejorar la infraestructura hospitalaria.<\/p>\n<p>Se inform\u00f3 que dicha obra estar\u00e1 concluida en diciembre pr\u00f3ximo, pues la atenci\u00f3n que se brindar\u00e1 en este nosocomio es de vital importancia para la regi\u00f3n.<\/p>\n<p>En su oportunidad, el presidente municipal de Cuitzeo, Juan Mascote Sesento, destac\u00f3 que el actual Centro de Salud cuenta con m\u00e1s de 50 a\u00f1os de antig\u00fcedad, tiempo en el que no recibi\u00f3 ning\u00fan tipo de apoyo para mejorar su infraestructura y mobiliario.<\/p>\n<p>Precis\u00f3 que con la edificaci\u00f3n del Centro de Salud con Servicios Ampliados ya no habr\u00e1 necesidad de que las y los usuarios acudan a recibir atenci\u00f3n a Guanajuato.<\/p>\n<p>En este marco, se dio a conocer que se destinar\u00e1n 62.4 millones de pesos, donde 48 millones de pesos ser\u00e1n para la ejecuci\u00f3n de la infraestructura f\u00edsica, mientras que 14.4 millones de pesos se emplear\u00e1n en el equipamiento.<\/p>\n<p>El titular de la Secretar\u00eda de Comunicaciones y Obras P\u00fablicas, Jos\u00e9 Juan Dom\u00ednguez L\u00f3pez, inform\u00f3 que el nuevo Centro de Salud contar\u00e1 con \u00e1reas de detecci\u00f3n y control de riesgos, valoraci\u00f3n, detecci\u00f3n oportuna de c\u00e1ncer, estomatolog\u00eda, pediatr\u00eda, epidemiolog\u00eda-inmunizaciones y tamiz; adem\u00e1s de rayos X, entre otros servicios.<\/p>\n<p>Dicho Centro se edificar\u00e1 en una superficie de mil 500 metros cuadrados, as\u00ed como 2 mil metros cuadrados de vialidades y banquetas de acceso de concreto hidr\u00e1ulico.<\/p>\n<p>El subsecretario de Salud en Michoac\u00e1n, Carlos Ramos Esquivel, record\u00f3 que se tom\u00f3 la determinaci\u00f3n de rehabilitar y equipar los Centros de Salud, as\u00ed como Hospitales, adem\u00e1s de concluir los nosocomios que quedaron en el abandono, \u201clo que buscamos es que cuenten con instalaciones dignas y una atenci\u00f3n de calidad y calidez\u201d.<\/p>\n<p>Estuvieron presentes en esta supervisi\u00f3n el director del R\u00e9gimen Estatal de Protecci\u00f3n Social en Salud \u2013Seguro Popular-, Germ\u00e1n Ortega Silva; el jefe de la Jurisdicci\u00f3n Sanitaria No.1, L\u00e1zaro Cort\u00e9s Rangel; el presidente municipal provisional de Huandacareo, Ren\u00e9 Mart\u00ednez Mej\u00eda, as\u00ed como diversas autoridades.<\/p>\n<p>&nbsp;<\/p>\n<p><img loading=\"lazy\" decoding=\"async\" class=\"\" src=\"http:\/\/michoacan.gob.mx\/wp-content\/uploads\/2018\/06\/fd746790-65bd-42e5-a400-32d4a59b72a1.jpeg\" width=\"401\" height=\"267\" \/><\/p>\n","protected":false},"excerpt":{"rendered":"<p>&nbsp; Supervisa Gobernador Silvano Aureoles Conejo la construcci\u00f3n del Centro que beneficiar\u00e1 a m\u00e1s de 30 mil habitantes de este lugar. Cuitzeo, Michoac\u00e1n, a 19 de junio de 2018.-\u00a0Para que las y los habitantes de Cuitzeo cuenten con mejor atenci\u00f3n en materia de salud, el Gobernador Constitucional Silvano Aureoles Conejo supervis\u00f3 la construcci\u00f3n del Centro [&hellip;]<\/p>\n","protected":false},"author":2,"featured_media":54369,"comment_status":"closed","ping_status":"closed","sticky":false,"template":"","format":"standard","meta":{"footnotes":""},"categories":[14,3,60],"tags":[],"class_list":["post-54368","post","type-post","status-publish","format-standard","has-post-thumbnail","hentry","category-destacadas","category-gobierno-del-estado-de-michoacan","category-michoacan"],"_links":{"self":[{"href":"https:\/\/radiowebmx.com\/nota\/wp-json\/wp\/v2\/posts\/54368","targetHints":{"allow":["GET"]}}],"collection":[{"href":"https:\/\/radiowebmx.com\/nota\/wp-json\/wp\/v2\/posts"}],"about":[{"href":"https:\/\/radiowebmx.com\/nota\/wp-json\/wp\/v2\/types\/post"}],"author":[{"embeddable":true,"href":"https:\/\/radiowebmx.com\/nota\/wp-json\/wp\/v2\/users\/2"}],"replies":[{"embeddable":true,"href":"https:\/\/radiowebmx.com\/nota\/wp-json\/wp\/v2\/comments?post=54368"}],"version-history":[{"count":1,"href":"https:\/\/radiowebmx.com\/nota\/wp-json\/wp\/v2\/posts\/54368\/revisions"}],"predecessor-version":[{"id":54370,"href":"https:\/\/radiowebmx.com\/nota\/wp-json\/wp\/v2\/posts\/54368\/revisions\/54370"}],"wp:featuredmedia":[{"embeddable":true,"href":"https:\/\/radiowebmx.com\/nota\/wp-json\/wp\/v2\/media\/54369"}],"wp:attachment":[{"href":"https:\/\/radiowebmx.com\/nota\/wp-json\/wp\/v2\/media?parent=54368"}],"wp:term":[{"taxonomy":"category","embeddable":true,"href":"https:\/\/radiowebmx.com\/nota\/wp-json\/wp\/v2\/categories?post=54368"},{"taxonomy":"post_tag","embeddable":true,"href":"https:\/\/radiowebmx.com\/nota\/wp-json\/wp\/v2\/tags?post=54368"}],"curies":[{"name":"wp","href":"https:\/\/api.w.org\/{rel}","templated":true}]}}