{"id":54365,"date":"2018-06-19T18:04:21","date_gmt":"2018-06-19T23:04:21","guid":{"rendered":"https:\/\/radiowebmx.com\/nota\/?p=54365"},"modified":"2018-06-20T11:05:34","modified_gmt":"2018-06-20T16:05:34","slug":"llama-gobernador-a-consolidar-la-democracia-instituciones-fuertes-y-una-sociedad-justa","status":"publish","type":"post","link":"https:\/\/radiowebmx.com\/nota\/llama-gobernador-a-consolidar-la-democracia-instituciones-fuertes-y-una-sociedad-justa\/","title":{"rendered":"Llama Gobernador a consolidar la democracia, instituciones fuertes y una sociedad justa"},"content":{"rendered":"<p><strong><img loading=\"lazy\" decoding=\"async\" class=\"\" src=\"http:\/\/michoacan.gob.mx\/wp-content\/uploads\/2018\/06\/5c56f581-b7ce-4938-b576-03368ee5eddd.jpeg\" width=\"402\" height=\"268\" \/><\/strong><\/p>\n<p>&nbsp;<\/p>\n<ul>\n<li><strong>Preside el Gobernador Silvano Aureoles la septuag\u00e9sima entrega de preseas, \u201cLa Voz de Michoac\u00e1n\u201d.<\/strong><\/li>\n<li><strong>Fueron otorgadas a nueve michoacanas y michoacanos destacados en las artes, la docencia, la investigaci\u00f3n, el deporte, la responsabilidad social y del sector empresarial.<\/strong><\/li>\n<\/ul>\n<p><strong>Morelia, Michoac\u00e1n, a 19 de junio de 2018.-<\/strong>\u00a0Ha costado mucho construir el Michoac\u00e1n y el M\u00e9xico que tenemos y la coyuntura del proceso electoral en marcha, debe servir para seguir consolidando nuestras instituciones, una sociedad arm\u00f3nica, justa, solidaria y nuestra democracia; esta \u00faltima, estrechamente vinculada con los medios de comunicaci\u00f3n, pronunci\u00f3 el Gobernador Constitucional Silvano Aureoles Conejo.<\/p>\n<p>Lo anterior al asistir como invitado especial en compa\u00f1\u00eda de la coordinadora general de Comunicaci\u00f3n Social, Julieta L\u00f3pez Bautista, entre otros integrantes del Gabinete Estatal, a la septuag\u00e9sima entrega de preseas \u201cLa Voz de Michoac\u00e1n\u201d, que otorgaron a nueve ciudadanos y ciudadanas destacadas en las artes, la docencia, la investigaci\u00f3n, el deporte, la responsabilidad social y del sector empresarial, donde extendi\u00f3 su m\u00e1xima felicitaci\u00f3n y reconocimiento a este transcendente medio de comunicaci\u00f3n, que tanto ha contribuido al estado.<\/p>\n<p>El titular del Ejecutivo Estatal felicit\u00f3 y reconoci\u00f3 tambi\u00e9n a las y los galardonados, y destac\u00f3 que este a\u00f1o fue una extraordinaria selecci\u00f3n la que se realiz\u00f3 para cada una de las preseas.<\/p>\n<p>Abund\u00f3 que la relevancia de un medio serio y respetado, es aquel que se\u00f1ala las cosas que se hacen bien, pero preferentemente las que no lo est\u00e1n, pues ello permite corregir y reorientar el rumbo y con ello construir una mejor entidad y sociedad, juntos y juntas.<\/p>\n<p>\u201cUstedes son ese pilar insustituible de la democracia, por ello refrendamos nuestro compromiso con la libertad de expresi\u00f3n\u201d, expres\u00f3 el mandatario michoacano.<\/p>\n<p>En su participaci\u00f3n, el director general de La Voz de Michoac\u00e1n, \u00c1lvaro Medina Gonz\u00e1lez, dijo que este medio de comunicaci\u00f3n ha acompa\u00f1ado a lo largo del tiempo a las y los lectores en cada \u00e1mbito de sus vidas y ha logrado expandir sus plataformas, sin dejar su esencia como uno de los diarios m\u00e1s importantes en el estado, para crecer y actualizarse en el \u00e1mbito de la tecnolog\u00eda y el uso de las nuevas herramientas para comunicar: las redes sociales.<\/p>\n<p>Record\u00f3 que en el pasado aniversario de<\/p>\n<p>La Voz de Michoac\u00e1n, solicit\u00f3 al mandatario estatal fuera un Gobernador de seis a\u00f1os, \u201cy hoy refrenda el cumplimiento de su palabra\u201d.<\/p>\n<p>El M\u00e9rito a la Investigaci\u00f3n fue otorgado al licenciado Felipe Ch\u00e1vez Cervantes; el M\u00e9rito Trayectoria a Francisco L\u00f3pez Guido; el Coro de la Secretar\u00eda de Cultura de Michoac\u00e1n fue condecorado con el M\u00e9rito Musical y el maestro Jos\u00e9 Antonio Romo recibi\u00f3 el M\u00e9rito Artes Visuales.<\/p>\n<p>La cantante Roc\u00edo Vega fue condecorada bajo el M\u00e9rito Art\u00edstico; el maestro Juan Pablo Arroyo Abraham recibi\u00f3 el M\u00e9rito Empresarial; el doctor Eustolio Hern\u00e1ndez V\u00e1zquez, el M\u00e9rito Profesional; la Cruz Roja Mexicana Delegaci\u00f3n Morelia, obtuvo el M\u00e9rito Social y el M\u00e9rito Deportivo lo entreg\u00f3 de manera personal el Gobernador a Enedina Caudillo G\u00f3mez.<\/p>\n<p>Es importante mencionar que desde 1982, la Voz de Michoac\u00e1n otorga estas preseas a las y los ciudadanos que con talento, tenacidad y habilidades contribuyen a la sociedad; por ello se busca reconocer y exaltar los ideales de cada galardonado y galardonada, a trav\u00e9s de estas condecoraciones.<\/p>\n<p>&nbsp;<\/p>\n<p><img loading=\"lazy\" decoding=\"async\" class=\"\" src=\"http:\/\/michoacan.gob.mx\/wp-content\/uploads\/2018\/06\/0c9b5f93-5b67-43a7-8cf0-73c28d52ea61.jpeg\" width=\"402\" height=\"268\" \/><\/p>\n","protected":false},"excerpt":{"rendered":"<p>&nbsp; Preside el Gobernador Silvano Aureoles la septuag\u00e9sima entrega de preseas, \u201cLa Voz de Michoac\u00e1n\u201d. Fueron otorgadas a nueve michoacanas y michoacanos destacados en las artes, la docencia, la investigaci\u00f3n, el deporte, la responsabilidad social y del sector empresarial. Morelia, Michoac\u00e1n, a 19 de junio de 2018.-\u00a0Ha costado mucho construir el Michoac\u00e1n y el M\u00e9xico [&hellip;]<\/p>\n","protected":false},"author":2,"featured_media":54366,"comment_status":"closed","ping_status":"closed","sticky":false,"template":"","format":"standard","meta":{"footnotes":""},"categories":[14,3,60],"tags":[],"class_list":["post-54365","post","type-post","status-publish","format-standard","has-post-thumbnail","hentry","category-destacadas","category-gobierno-del-estado-de-michoacan","category-michoacan"],"_links":{"self":[{"href":"https:\/\/radiowebmx.com\/nota\/wp-json\/wp\/v2\/posts\/54365","targetHints":{"allow":["GET"]}}],"collection":[{"href":"https:\/\/radiowebmx.com\/nota\/wp-json\/wp\/v2\/posts"}],"about":[{"href":"https:\/\/radiowebmx.com\/nota\/wp-json\/wp\/v2\/types\/post"}],"author":[{"embeddable":true,"href":"https:\/\/radiowebmx.com\/nota\/wp-json\/wp\/v2\/users\/2"}],"replies":[{"embeddable":true,"href":"https:\/\/radiowebmx.com\/nota\/wp-json\/wp\/v2\/comments?post=54365"}],"version-history":[{"count":1,"href":"https:\/\/radiowebmx.com\/nota\/wp-json\/wp\/v2\/posts\/54365\/revisions"}],"predecessor-version":[{"id":54367,"href":"https:\/\/radiowebmx.com\/nota\/wp-json\/wp\/v2\/posts\/54365\/revisions\/54367"}],"wp:featuredmedia":[{"embeddable":true,"href":"https:\/\/radiowebmx.com\/nota\/wp-json\/wp\/v2\/media\/54366"}],"wp:attachment":[{"href":"https:\/\/radiowebmx.com\/nota\/wp-json\/wp\/v2\/media?parent=54365"}],"wp:term":[{"taxonomy":"category","embeddable":true,"href":"https:\/\/radiowebmx.com\/nota\/wp-json\/wp\/v2\/categories?post=54365"},{"taxonomy":"post_tag","embeddable":true,"href":"https:\/\/radiowebmx.com\/nota\/wp-json\/wp\/v2\/tags?post=54365"}],"curies":[{"name":"wp","href":"https:\/\/api.w.org\/{rel}","templated":true}]}}