{"id":54362,"date":"2018-06-19T18:54:03","date_gmt":"2018-06-19T23:54:03","guid":{"rendered":"https:\/\/radiowebmx.com\/nota\/?p=54362"},"modified":"2018-06-20T11:04:14","modified_gmt":"2018-06-20T16:04:14","slug":"ni-un-paso-atras-para-hacer-valer-la-ley-gcm","status":"publish","type":"post","link":"https:\/\/radiowebmx.com\/nota\/ni-un-paso-atras-para-hacer-valer-la-ley-gcm\/","title":{"rendered":"Ni un paso atr\u00e1s para hacer valer la ley: GCM"},"content":{"rendered":"<p><img loading=\"lazy\" decoding=\"async\" class=\"\" src=\"http:\/\/michoacan.gob.mx\/wp-content\/uploads\/2018\/06\/5bbd3faf-6404-4cd8-9dc7-2b1820a34f1e.jpeg\" width=\"401\" height=\"267\" \/><\/p>\n<p>&nbsp;<\/p>\n<ul>\n<li><strong>Esta ma\u00f1ana sesion\u00f3 el Grupo de Coordinaci\u00f3n Michoac\u00e1n, donde se revisaron tambi\u00e9n las peticiones de la Mesa de Gobernabilidad.<\/strong><\/li>\n<\/ul>\n<p><strong>Morelia, Michoac\u00e1n, a 19 de junio de 2018.-<\/strong>\u00a0El Gobierno del Estado mantiene el trabajo de coordinaci\u00f3n con las instancias federales y municipales de manera cercana, para garantizar la tranquilidad de la poblaci\u00f3n y el desarrollo de sus actividades; no daremos ni un paso atr\u00e1s en hacer valer la ley y el Estado de Derecho en todo el territorio estatal.<\/p>\n<p>As\u00ed lo asever\u00f3 el Gobernador Constitucional Silvano Aureoles Conejo, al encabezar la reuni\u00f3n del Grupo de Coordinaci\u00f3n Michoac\u00e1n, donde se revisaron temas de la Mesa de Gobernabilidad para el Seguimiento del Proceso Electoral, as\u00ed como el curso de las investigaciones en relaci\u00f3n a los incidentes suscitados en los \u00faltimos d\u00edas.<\/p>\n<p>Sobre el tema, se inform\u00f3 que el candidato a la alcald\u00eda de Tangamandapio, Miguel Amezcua Manzo, result\u00f3 ileso luego de la agresi\u00f3n que denunci\u00f3 ayer y la cual ya es investigada por la Procuradur\u00eda General de Justicia del Estado.<\/p>\n<p>\u201cTanto en \u00e9ste como en otros y todos los casos, daremos con los responsables materiales e intelectuales\u201d, apunt\u00f3 el mandatario estatal.<\/p>\n<p>Tambi\u00e9n durante esta mesa de trabajo, las autoridades estatales y federales revisaron la estrategia que se emprende en las diferentes regiones y los sitios en que se habr\u00e1 de reforzar la presencia policial.<\/p>\n<p>Enfatizaron en que habr\u00e1 condiciones para el \u00f3ptimo desarrollo de la jornada comicial el pr\u00f3ximo 1 de julio y no habr\u00e1 tregua para quienes pretendan lo contrario.<\/p>\n<p>Participaron en esta reuni\u00f3n el procurador de justicia del estado, Mart\u00edn Godoy Castro; los comandantes de la 43 Zona Militar y la 10 Zona Naval, general Ricardo Trevilla Trejo y vicealmirante Salvador G\u00f3mez Rangel, respectivamente; el delegado de la PGR en el estado, Jes\u00fas L\u00f3pez Trujillo; el jefe de la Oficina del Despacho del Gobernador, Erick L\u00f3pez Barriga, por mencionar algunos.<\/p>\n","protected":false},"excerpt":{"rendered":"<p>&nbsp; Esta ma\u00f1ana sesion\u00f3 el Grupo de Coordinaci\u00f3n Michoac\u00e1n, donde se revisaron tambi\u00e9n las peticiones de la Mesa de Gobernabilidad. Morelia, Michoac\u00e1n, a 19 de junio de 2018.-\u00a0El Gobierno del Estado mantiene el trabajo de coordinaci\u00f3n con las instancias federales y municipales de manera cercana, para garantizar la tranquilidad de la poblaci\u00f3n y el desarrollo [&hellip;]<\/p>\n","protected":false},"author":2,"featured_media":54363,"comment_status":"closed","ping_status":"closed","sticky":false,"template":"","format":"standard","meta":{"footnotes":""},"categories":[14,3,60],"tags":[],"class_list":["post-54362","post","type-post","status-publish","format-standard","has-post-thumbnail","hentry","category-destacadas","category-gobierno-del-estado-de-michoacan","category-michoacan"],"_links":{"self":[{"href":"https:\/\/radiowebmx.com\/nota\/wp-json\/wp\/v2\/posts\/54362","targetHints":{"allow":["GET"]}}],"collection":[{"href":"https:\/\/radiowebmx.com\/nota\/wp-json\/wp\/v2\/posts"}],"about":[{"href":"https:\/\/radiowebmx.com\/nota\/wp-json\/wp\/v2\/types\/post"}],"author":[{"embeddable":true,"href":"https:\/\/radiowebmx.com\/nota\/wp-json\/wp\/v2\/users\/2"}],"replies":[{"embeddable":true,"href":"https:\/\/radiowebmx.com\/nota\/wp-json\/wp\/v2\/comments?post=54362"}],"version-history":[{"count":1,"href":"https:\/\/radiowebmx.com\/nota\/wp-json\/wp\/v2\/posts\/54362\/revisions"}],"predecessor-version":[{"id":54364,"href":"https:\/\/radiowebmx.com\/nota\/wp-json\/wp\/v2\/posts\/54362\/revisions\/54364"}],"wp:featuredmedia":[{"embeddable":true,"href":"https:\/\/radiowebmx.com\/nota\/wp-json\/wp\/v2\/media\/54363"}],"wp:attachment":[{"href":"https:\/\/radiowebmx.com\/nota\/wp-json\/wp\/v2\/media?parent=54362"}],"wp:term":[{"taxonomy":"category","embeddable":true,"href":"https:\/\/radiowebmx.com\/nota\/wp-json\/wp\/v2\/categories?post=54362"},{"taxonomy":"post_tag","embeddable":true,"href":"https:\/\/radiowebmx.com\/nota\/wp-json\/wp\/v2\/tags?post=54362"}],"curies":[{"name":"wp","href":"https:\/\/api.w.org\/{rel}","templated":true}]}}