{"id":54350,"date":"2018-06-19T17:33:15","date_gmt":"2018-06-19T22:33:15","guid":{"rendered":"https:\/\/radiowebmx.com\/nota\/?p=54350"},"modified":"2018-06-20T10:34:26","modified_gmt":"2018-06-20T15:34:26","slug":"demanda-yarabi-avila-atencion-inmediata-en-michoacan-a-ninos-deportados-de-e-u","status":"publish","type":"post","link":"https:\/\/radiowebmx.com\/nota\/demanda-yarabi-avila-atencion-inmediata-en-michoacan-a-ninos-deportados-de-e-u\/","title":{"rendered":"Demanda Yarab\u00ed \u00c1vila atenci\u00f3n inmediata en Michoac\u00e1n a ni\u00f1os deportados de E.U"},"content":{"rendered":"<p><strong><span lang=\"ES\">\u00b7\u00a0\u00a0\u00a0\u00a0\u00a0\u00a0\u00a0\u00a0\u00a0<\/span><span lang=\"ES\">La representante popular afirm\u00f3, es urgente un diagn\u00f3stico sobre los menores y sus padres que han sido deportados para integrarlos a programas sociales<\/span><\/strong><\/p>\n<p><strong><span lang=\"ES\">\u00b7\u00a0\u00a0\u00a0\u00a0\u00a0\u00a0\u00a0\u00a0\u00a0<\/span><span lang=\"ES\">Necesitan acompa\u00f1amiento legal y atenci\u00f3n psicol\u00f3gica, ante la situaci\u00f3n tan dolorosa que enfrentan<\/span><\/strong><\/p>\n<p><b>Morelia, Michoac\u00e1n., a 19 de junio de 2018.-<\/b>\u00a0La diputada del PRI por Morelia Noroeste, Yarab\u00ed \u00c1vila Gonz\u00e1lez ante el drama que atraviesan miles de ni\u00f1os michoacanos en Estados Unidos, demand\u00f3 a la autoridad estatal que la Secretar\u00eda del Migrante implemente acciones que brinden atenci\u00f3n a los menores que son deportados a nuestra entidad, para garantizar su acceso a la educaci\u00f3n, salud y programas sociales.<\/p>\n<p>La diputada tricolor afirm\u00f3 que se requiere de la atenci\u00f3n inmediata de los ni\u00f1os y sus familias que en estos momentos viven el drama de la deportaci\u00f3n y que sufren la separaci\u00f3n, por lo que se pronunci\u00f3 por generar un diagn\u00f3stico sobre los menores que han sido deportados a la entidad, as\u00ed como establecer padrones confiables para\u00a0\u00a0que puedan acceder a los programas sociales que ya se instrumentan desde el Gobierno Estatal y garantice su acceso a la educaci\u00f3n, as\u00ed como a sus padres acompa\u00f1amiento psicol\u00f3gico y asesor\u00eda legal.<\/p>\n<p>\u201cNo podemos cerrar los ojos a una situaci\u00f3n tan dolorosa que est\u00e1n enfrentando miles de mexicanos en el vecino pa\u00eds del Norte, pero tambi\u00e9n desde nuestra tierra tenemos que hacer la tarea y para ello se requiere de enfocar esfuerzos que garanticen a los ni\u00f1os que son deportados, condiciones de bienestar y sobre todo de respeto a sus derechos humanos, el acceso a la educaci\u00f3n, salud y a programas que les permitan integrarse a una sociedad que resulta totalmente desconocidas\u00a0en muchas ocasiones para ellos\u201d, mencion\u00f3 la legisladora.<\/p>\n<p>La congresista del PRI inst\u00f3 a la Secretar\u00eda del Migrante en Michoac\u00e1n a generar acciones conjuntas con la Secretar\u00eda de Relaciones Exteriores, as\u00ed como el DIF Estatal para atender a este sector poblacional que se encuentra en total vulnerabilidad, en caso de que se identifiquen algunos ni\u00f1os michoacanos en aquella naci\u00f3n detenidos, pugnar por su resguardo y trato humano.<\/p>\n<p>Agreg\u00f3 que adem\u00e1s de alzar la voz contra estos hechos que deshumanizan, provocan\u00a0\u00a0indignaci\u00f3n y dolor, se requieren de acciones conjuntas desde el Gobierno Estatal para garantizar que los ni\u00f1os y sus padres no tengan que emigrar el vecino pa\u00eds en busca de mejores oportunidades.<span class=\"x_gmail-apple-converted-space\">\u00a0<\/span><\/p>\n<p>&nbsp;<\/p>\n","protected":false},"excerpt":{"rendered":"<p>\u00b7\u00a0\u00a0\u00a0\u00a0\u00a0\u00a0\u00a0\u00a0\u00a0La representante popular afirm\u00f3, es urgente un diagn\u00f3stico sobre los menores y sus padres que han sido deportados para integrarlos a programas sociales \u00b7\u00a0\u00a0\u00a0\u00a0\u00a0\u00a0\u00a0\u00a0\u00a0Necesitan acompa\u00f1amiento legal y atenci\u00f3n psicol\u00f3gica, ante la situaci\u00f3n tan dolorosa que enfrentan Morelia, Michoac\u00e1n., a 19 de junio de 2018.-\u00a0La diputada del PRI por Morelia Noroeste, Yarab\u00ed \u00c1vila Gonz\u00e1lez ante el [&hellip;]<\/p>\n","protected":false},"author":2,"featured_media":54351,"comment_status":"closed","ping_status":"closed","sticky":false,"template":"","format":"standard","meta":{"footnotes":""},"categories":[6,14],"tags":[],"class_list":["post-54350","post","type-post","status-publish","format-standard","has-post-thumbnail","hentry","category-congreso-del-estado","category-destacadas"],"_links":{"self":[{"href":"https:\/\/radiowebmx.com\/nota\/wp-json\/wp\/v2\/posts\/54350","targetHints":{"allow":["GET"]}}],"collection":[{"href":"https:\/\/radiowebmx.com\/nota\/wp-json\/wp\/v2\/posts"}],"about":[{"href":"https:\/\/radiowebmx.com\/nota\/wp-json\/wp\/v2\/types\/post"}],"author":[{"embeddable":true,"href":"https:\/\/radiowebmx.com\/nota\/wp-json\/wp\/v2\/users\/2"}],"replies":[{"embeddable":true,"href":"https:\/\/radiowebmx.com\/nota\/wp-json\/wp\/v2\/comments?post=54350"}],"version-history":[{"count":1,"href":"https:\/\/radiowebmx.com\/nota\/wp-json\/wp\/v2\/posts\/54350\/revisions"}],"predecessor-version":[{"id":54352,"href":"https:\/\/radiowebmx.com\/nota\/wp-json\/wp\/v2\/posts\/54350\/revisions\/54352"}],"wp:featuredmedia":[{"embeddable":true,"href":"https:\/\/radiowebmx.com\/nota\/wp-json\/wp\/v2\/media\/54351"}],"wp:attachment":[{"href":"https:\/\/radiowebmx.com\/nota\/wp-json\/wp\/v2\/media?parent=54350"}],"wp:term":[{"taxonomy":"category","embeddable":true,"href":"https:\/\/radiowebmx.com\/nota\/wp-json\/wp\/v2\/categories?post=54350"},{"taxonomy":"post_tag","embeddable":true,"href":"https:\/\/radiowebmx.com\/nota\/wp-json\/wp\/v2\/tags?post=54350"}],"curies":[{"name":"wp","href":"https:\/\/api.w.org\/{rel}","templated":true}]}}