{"id":5433,"date":"2014-02-12T14:05:28","date_gmt":"2014-02-12T20:05:28","guid":{"rendered":"https:\/\/radiowebmx.com\/nota\/?p=5433"},"modified":"2014-02-12T14:05:28","modified_gmt":"2014-02-12T20:05:28","slug":"la-diputada-ligia-lopez-rendira-su-segundo-informe-de-actividades-legislativas-en-la-piedad","status":"publish","type":"post","link":"https:\/\/radiowebmx.com\/nota\/la-diputada-ligia-lopez-rendira-su-segundo-informe-de-actividades-legislativas-en-la-piedad\/","title":{"rendered":"La diputada Ligia L\u00f3pez rendir\u00e1 su Segundo Informe de Actividades Legislativas en La Piedad"},"content":{"rendered":"<p><a href=\"https:\/\/radiowebmx.com\/nota\/wp-content\/uploads\/2014\/02\/Ligia-L\u00f3pez...jpg\"><img loading=\"lazy\" decoding=\"async\" class=\"alignleft size-full wp-image-5434\" alt=\"Ligia L\u00f3pez..\" src=\"https:\/\/radiowebmx.com\/nota\/wp-content\/uploads\/2014\/02\/Ligia-L\u00f3pez...jpg\" width=\"591\" height=\"350\" \/><\/a>La diputada Bertha Ligia L\u00f3pez Aceves contin\u00faa dando muestra de trasparencia y rendici\u00f3n de cuentas de su trabajo Legislativo en el Congreso del Estado, por ello, en esta ocasi\u00f3n la parlamentaria de Acci\u00f3n Nacional rendir\u00e1 su Segundo Informe de Actividades Legislativas en el municipio de La Piedad de la entidad michoacana, \u201ces una nuestra responsabilidad, as\u00ed como un honor poder dar a conocer nuestra labor como representantes populares\u201d, expres\u00f3.<\/p>\n<p>La parlamentaria albiazul inform\u00f3 que ser\u00e1 la cabecera municipal del distrito I, la sede para que el pr\u00f3ximo 12 de febrero en punto de las 19 horas en las instalaciones del Comit\u00e9 Municipal de Acci\u00f3n Nacional, donde se re\u00fanan los piedadenses, a escuchar cuentas por parte de la representante.<\/p>\n<p>\u201cComo integrante del Grupo Parlamentario del Partido Acci\u00f3n Nacional, hemos trabajado de acuerdo a las circunstancias por las que ha a travesado el Estado, buscando siempre el bienestar de los ciudadanos\u201d.<\/p>\n<p>Resalt\u00f3 que la ciudadan\u00eda requiere conocer las acciones de sus legisladores, \u201cpero aun m\u00e1s la sociedad necesita ser escuchada, que sus representantes en los poderes gubernamentales den voz a sus inquietudes y necesidades queden cubiertas\u201d.<\/p>\n<p>Finalmente, L\u00f3pez Aceves invit\u00f3 a los michoacanos a hacer valer su derecho a la informaci\u00f3n y estar vigilantes del actuar de todos los servidores p\u00fablicos, as\u00ed como funcionarios que en su labor tienen la responsabilidad de dar estabilidad en todos los sectores que son parte del desarrollo del Estado, \u201ces importante que\u00a0 la sociedad como poderes gubernamentales, est\u00e9n en coordinaci\u00f3n continua para trabajar en colaboraci\u00f3n por un mejor Michoac\u00e1n\u201d, concluy\u00f3.<\/p>\n","protected":false},"excerpt":{"rendered":"<p>La diputada Bertha Ligia L\u00f3pez Aceves contin\u00faa dando muestra de trasparencia y rendici\u00f3n de cuentas de su trabajo Legislativo en el Congreso del Estado, por ello, en esta ocasi\u00f3n la parlamentaria de Acci\u00f3n Nacional rendir\u00e1 su Segundo Informe de Actividades Legislativas en el municipio de La Piedad de la entidad michoacana,<\/p>\n","protected":false},"author":1,"featured_media":0,"comment_status":"open","ping_status":"open","sticky":false,"template":"","format":"standard","meta":{"footnotes":""},"categories":[6,14,8],"tags":[],"class_list":["post-5433","post","type-post","status-publish","format-standard","hentry","category-congreso-del-estado","category-destacadas","category-grupo-parlamentario-del-pan"],"_links":{"self":[{"href":"https:\/\/radiowebmx.com\/nota\/wp-json\/wp\/v2\/posts\/5433","targetHints":{"allow":["GET"]}}],"collection":[{"href":"https:\/\/radiowebmx.com\/nota\/wp-json\/wp\/v2\/posts"}],"about":[{"href":"https:\/\/radiowebmx.com\/nota\/wp-json\/wp\/v2\/types\/post"}],"author":[{"embeddable":true,"href":"https:\/\/radiowebmx.com\/nota\/wp-json\/wp\/v2\/users\/1"}],"replies":[{"embeddable":true,"href":"https:\/\/radiowebmx.com\/nota\/wp-json\/wp\/v2\/comments?post=5433"}],"version-history":[{"count":2,"href":"https:\/\/radiowebmx.com\/nota\/wp-json\/wp\/v2\/posts\/5433\/revisions"}],"predecessor-version":[{"id":5436,"href":"https:\/\/radiowebmx.com\/nota\/wp-json\/wp\/v2\/posts\/5433\/revisions\/5436"}],"wp:attachment":[{"href":"https:\/\/radiowebmx.com\/nota\/wp-json\/wp\/v2\/media?parent=5433"}],"wp:term":[{"taxonomy":"category","embeddable":true,"href":"https:\/\/radiowebmx.com\/nota\/wp-json\/wp\/v2\/categories?post=5433"},{"taxonomy":"post_tag","embeddable":true,"href":"https:\/\/radiowebmx.com\/nota\/wp-json\/wp\/v2\/tags?post=5433"}],"curies":[{"name":"wp","href":"https:\/\/api.w.org\/{rel}","templated":true}]}}