{"id":54314,"date":"2018-06-18T10:20:20","date_gmt":"2018-06-18T15:20:20","guid":{"rendered":"https:\/\/radiowebmx.com\/nota\/?p=54314"},"modified":"2018-06-19T10:54:16","modified_gmt":"2018-06-19T15:54:16","slug":"se-reune-gobernador-con-integrantes-del-poder-judicial","status":"publish","type":"post","link":"https:\/\/radiowebmx.com\/nota\/se-reune-gobernador-con-integrantes-del-poder-judicial\/","title":{"rendered":"Se re\u00fane Gobernador con integrantes del Poder Judicial"},"content":{"rendered":"<p><img loading=\"lazy\" decoding=\"async\" class=\"\" src=\"http:\/\/michoacan.gob.mx\/wp-content\/uploads\/2018\/06\/28370e5a-2201-4230-9a0d-35162cbe1c2e.jpeg\" width=\"402\" height=\"268\" \/><\/p>\n<p>&nbsp;<\/p>\n<p><strong>Morelia, Michoac\u00e1n, a 18 de junio de 2018.-<\/strong>\u00a0El Gobernador Constitucional Silvano Aureoles Conejo, se reuni\u00f3 esta ma\u00f1ana con las magistradas y los magistrados que integran el Poder Judicial del estado, encabezados por su presidente Marco Antonio Flores Negrete.<\/p>\n<p>En este encuentro de di\u00e1logo cordial, el titular del Ejecutivo Estatal comparti\u00f3 que, en un marco de respeto a la autonom\u00eda de los Poderes en el Estado, seguir\u00e1 sumando esfuerzos con el Supremo Tribunal de Justicia, a fin de acabar con la impunidad y garantizar la impartici\u00f3n de justicia.<\/p>\n","protected":false},"excerpt":{"rendered":"<p>&nbsp; Morelia, Michoac\u00e1n, a 18 de junio de 2018.-\u00a0El Gobernador Constitucional Silvano Aureoles Conejo, se reuni\u00f3 esta ma\u00f1ana con las magistradas y los magistrados que integran el Poder Judicial del estado, encabezados por su presidente Marco Antonio Flores Negrete. En este encuentro de di\u00e1logo cordial, el titular del Ejecutivo Estatal comparti\u00f3 que, en un marco [&hellip;]<\/p>\n","protected":false},"author":2,"featured_media":54315,"comment_status":"closed","ping_status":"closed","sticky":false,"template":"","format":"standard","meta":{"footnotes":""},"categories":[14,3,60],"tags":[],"class_list":["post-54314","post","type-post","status-publish","format-standard","has-post-thumbnail","hentry","category-destacadas","category-gobierno-del-estado-de-michoacan","category-michoacan"],"_links":{"self":[{"href":"https:\/\/radiowebmx.com\/nota\/wp-json\/wp\/v2\/posts\/54314","targetHints":{"allow":["GET"]}}],"collection":[{"href":"https:\/\/radiowebmx.com\/nota\/wp-json\/wp\/v2\/posts"}],"about":[{"href":"https:\/\/radiowebmx.com\/nota\/wp-json\/wp\/v2\/types\/post"}],"author":[{"embeddable":true,"href":"https:\/\/radiowebmx.com\/nota\/wp-json\/wp\/v2\/users\/2"}],"replies":[{"embeddable":true,"href":"https:\/\/radiowebmx.com\/nota\/wp-json\/wp\/v2\/comments?post=54314"}],"version-history":[{"count":1,"href":"https:\/\/radiowebmx.com\/nota\/wp-json\/wp\/v2\/posts\/54314\/revisions"}],"predecessor-version":[{"id":54316,"href":"https:\/\/radiowebmx.com\/nota\/wp-json\/wp\/v2\/posts\/54314\/revisions\/54316"}],"wp:featuredmedia":[{"embeddable":true,"href":"https:\/\/radiowebmx.com\/nota\/wp-json\/wp\/v2\/media\/54315"}],"wp:attachment":[{"href":"https:\/\/radiowebmx.com\/nota\/wp-json\/wp\/v2\/media?parent=54314"}],"wp:term":[{"taxonomy":"category","embeddable":true,"href":"https:\/\/radiowebmx.com\/nota\/wp-json\/wp\/v2\/categories?post=54314"},{"taxonomy":"post_tag","embeddable":true,"href":"https:\/\/radiowebmx.com\/nota\/wp-json\/wp\/v2\/tags?post=54314"}],"curies":[{"name":"wp","href":"https:\/\/api.w.org\/{rel}","templated":true}]}}