{"id":5431,"date":"2014-02-12T14:03:11","date_gmt":"2014-02-12T20:03:11","guid":{"rendered":"https:\/\/radiowebmx.com\/nota\/?p=5431"},"modified":"2014-02-12T14:03:11","modified_gmt":"2014-02-12T20:03:11","slug":"director-del-smrytv-acude-al-segundo-informe-del-diputado-local-del-pt","status":"publish","type":"post","link":"https:\/\/radiowebmx.com\/nota\/director-del-smrytv-acude-al-segundo-informe-del-diputado-local-del-pt\/","title":{"rendered":"DIRECTOR DEL SMRYTV ACUDE AL SEGUNDO INFORME DEL DIPUTADO LOCAL DEL PT"},"content":{"rendered":"<p><a href=\"https:\/\/radiowebmx.com\/nota\/wp-content\/uploads\/2014\/02\/SMRyTV-2.jpg\"><img loading=\"lazy\" decoding=\"async\" class=\"alignleft size-full wp-image-5429\" alt=\"SMRyTV (2)\" src=\"https:\/\/radiowebmx.com\/nota\/wp-content\/uploads\/2014\/02\/SMRyTV-2.jpg\" width=\"591\" height=\"286\" \/><\/a>En representaci\u00f3n del Gobernador del Estado de Michoac\u00e1n, Fausto Vallejo Figueroa, el director del Sistema Michoacano de Radio y Televisi\u00f3n (SMRyTV), Christi\u00e1n Guti\u00e9rrez Alonso, acudi\u00f3 al Congreso del Estado para atestiguar el segundo informe de trabajo legislativo del diputado del Partido del Trabajo, Reginaldo Sandoval Flores.<\/p>\n<p>&nbsp;<\/p>\n<p>Guti\u00e9rrez Alonso sostuvo que actualmente se requiere de pol\u00edticos cr\u00edticos pero de igual manera, ocupados en hacer propios los retos de la formaci\u00f3n de una Rep\u00fablica responsable, ya que es ese, el espacio de la vida en comunidad que garantiza la soberan\u00eda nacional.<\/p>\n<p>&nbsp;<\/p>\n<p>Reconoci\u00f3 el trabajo realizado por el representante del Partido del Trabajo, porque los resultados obtenidos dan muestra de su compromiso con los michoacanos, puesto que bajo el respeto de la autonom\u00eda, se tiene relaci\u00f3n con el Gobierno del Estado de Michoac\u00e1n en beneficio de la ciudadan\u00eda.<\/p>\n<p>&nbsp;<\/p>\n<p>Finalmente invit\u00f3 al legislador a seguir trabajando y sumando esfuerzos con el Ejecutivo estatal, como ha hecho hasta la fecha, con la finalidad de atender a la poblaci\u00f3n y a su desarrollo integral.<\/p>\n<p>&nbsp;<\/p>\n<p>Al evento tambi\u00e9n acudi\u00f3 el presidente de la Junta de Coordinaci\u00f3n Pol\u00edtica del Congreso del Estado, Salvador Galv\u00e1n Infante; as\u00ed como el coordinador del grupo parlamentario del PRD en el Legislativo local, Fidel Calder\u00f3n Torreblanca.<\/p>\n<p>&nbsp;<\/p>\n","protected":false},"excerpt":{"rendered":"<p>En representaci\u00f3n del Gobernador del Estado de Michoac\u00e1n, Fausto Vallejo Figueroa, el director del Sistema Michoacano de Radio y Televisi\u00f3n (SMRyTV), Christi\u00e1n Guti\u00e9rrez Alonso, acudi\u00f3 al Congreso del Estado para atestiguar el segundo informe de trabajo legislativo del diputado del Partido del Trabajo, Reginaldo Sandoval Flores.<\/p>\n","protected":false},"author":1,"featured_media":0,"comment_status":"open","ping_status":"open","sticky":false,"template":"","format":"standard","meta":{"footnotes":""},"categories":[14,3],"tags":[],"class_list":["post-5431","post","type-post","status-publish","format-standard","hentry","category-destacadas","category-gobierno-del-estado-de-michoacan"],"_links":{"self":[{"href":"https:\/\/radiowebmx.com\/nota\/wp-json\/wp\/v2\/posts\/5431","targetHints":{"allow":["GET"]}}],"collection":[{"href":"https:\/\/radiowebmx.com\/nota\/wp-json\/wp\/v2\/posts"}],"about":[{"href":"https:\/\/radiowebmx.com\/nota\/wp-json\/wp\/v2\/types\/post"}],"author":[{"embeddable":true,"href":"https:\/\/radiowebmx.com\/nota\/wp-json\/wp\/v2\/users\/1"}],"replies":[{"embeddable":true,"href":"https:\/\/radiowebmx.com\/nota\/wp-json\/wp\/v2\/comments?post=5431"}],"version-history":[{"count":1,"href":"https:\/\/radiowebmx.com\/nota\/wp-json\/wp\/v2\/posts\/5431\/revisions"}],"predecessor-version":[{"id":5432,"href":"https:\/\/radiowebmx.com\/nota\/wp-json\/wp\/v2\/posts\/5431\/revisions\/5432"}],"wp:attachment":[{"href":"https:\/\/radiowebmx.com\/nota\/wp-json\/wp\/v2\/media?parent=5431"}],"wp:term":[{"taxonomy":"category","embeddable":true,"href":"https:\/\/radiowebmx.com\/nota\/wp-json\/wp\/v2\/categories?post=5431"},{"taxonomy":"post_tag","embeddable":true,"href":"https:\/\/radiowebmx.com\/nota\/wp-json\/wp\/v2\/tags?post=5431"}],"curies":[{"name":"wp","href":"https:\/\/api.w.org\/{rel}","templated":true}]}}