{"id":54308,"date":"2018-06-18T13:02:19","date_gmt":"2018-06-18T18:02:19","guid":{"rendered":"https:\/\/radiowebmx.com\/nota\/?p=54308"},"modified":"2018-06-18T14:35:11","modified_gmt":"2018-06-18T19:35:11","slug":"cerraran-inscripciones-el-5-de-julio-para-vi-parlamento-juvenil","status":"publish","type":"post","link":"https:\/\/radiowebmx.com\/nota\/cerraran-inscripciones-el-5-de-julio-para-vi-parlamento-juvenil\/","title":{"rendered":"Cerrar\u00e1n inscripciones el 5 de julio para VI Parlamento Juvenil"},"content":{"rendered":"<p class=\"x_gmail-MsoListParagraph\">\u00b7\u00a0\u00a0\u00a0\u00a0\u00a0\u00a0\u00a0\u00a0\u00a0Invita Enrique Zepeda a participar<\/p>\n<p class=\"x_MsoNormal\"><b>Morelia; Michoac\u00e1n, 18 de junio de 2018<\/b>.- El diputado Enrique Zepeda Ontiveros, presidente del Comit\u00e9 Organizador del Sexto Parlamento Juvenil de Michoac\u00e1n hace una atenta invitaci\u00f3n a los j\u00f3venes de entre 18 y 29 a\u00f1os a participar en la edici\u00f3n 2018 de dicho ejercicio.<\/p>\n<p class=\"x_MsoNormal\">El legislador agreg\u00f3 que este a\u00f1o los temas principales a tratar ser\u00e1n Medio Ambiente y Desarrollo sustentable; Desarrollo Social y Econ\u00f3mico; Salud y Educaci\u00f3n, Migraci\u00f3n, Grupos Vulnerables e Ind\u00edgenas; Seguridad P\u00fablica y Cultura de la Paz; y Participaci\u00f3n Ciudadana.<\/p>\n<p class=\"x_MsoNormal\">Record\u00f3 que el Parlamento Juvenil fue creado como un espacio de participaci\u00f3n, di\u00e1logo, deliberaci\u00f3n, debate, capacitaci\u00f3n y vinculaci\u00f3n, en el cual sus participantes se re\u00fanen para expresar preocupaciones, intereses, inquietudes, motivaciones, aportaciones, propuestas y aspiraciones, con la finalidad de que a trav\u00e9s de este ejercicio parlamentario, el Poder Legislativo se enriquezca con las aportaciones presentadas, contribuyendo con ello a la construcci\u00f3n de un mejor Michoac\u00e1n, en especial para sus j\u00f3venes.<\/p>\n<p class=\"x_MsoNormal\">Los interesados deber\u00e1n ser michoacanos o contar con residencia comprobable mayor de un a\u00f1o a la fecha, edad entre 18 y 29 a\u00f1os, participar por la modalidad de iniciativa o por proyecto social; no haber sido seleccionado en los anteriores Parlamentos Juveniles; as\u00ed mismo deber\u00e1n abstenerse de participar los funcionarios y empleados del Congreso local, adem\u00e1s de los familiares de los diputados.<\/p>\n<p class=\"x_MsoNormal\">El diputado destac\u00f3 que el Parlamento Juvenil 2018 se llevar\u00e1 a cabo los d\u00edas 30 y 31 de agosto, y ya se encuentra abierto el periodo de registro y ser\u00e1 hasta el 5 de julio cuando este concluya, por lo que hizo un llamado a los j\u00f3venes a ser parte de este ejercicio de participaci\u00f3n ciudadana, e inscribirse en el Instituto de Investigaciones y Estudios Legislativos del Congreso del Estado, ubicado en Av. Morelos Norte, No. 82, esquina con Aquiles Serd\u00e1n, en el Centro Hist\u00f3rico de Morelia, de lunes a viernes de 9:00 a 15:00 horas, o a trav\u00e9s del correo electr\u00f3nico\u00a0<a href=\"mailto:parlamentojuvenil6@gmail.com\" target=\"_blank\" rel=\"noopener noreferrer\">parlamentojuvenil6@gmail.com<\/a>.<\/p>\n<p class=\"x_MsoNormal\">Informes al tel\u00e9fono 3 17 1614<\/p>\n","protected":false},"excerpt":{"rendered":"<p>\u00b7\u00a0\u00a0\u00a0\u00a0\u00a0\u00a0\u00a0\u00a0\u00a0Invita Enrique Zepeda a participar Morelia; Michoac\u00e1n, 18 de junio de 2018.- El diputado Enrique Zepeda Ontiveros, presidente del Comit\u00e9 Organizador del Sexto Parlamento Juvenil de Michoac\u00e1n hace una atenta invitaci\u00f3n a los j\u00f3venes de entre 18 y 29 a\u00f1os a participar en la edici\u00f3n 2018 de dicho ejercicio. El legislador agreg\u00f3 que este a\u00f1o [&hellip;]<\/p>\n","protected":false},"author":2,"featured_media":54309,"comment_status":"closed","ping_status":"closed","sticky":false,"template":"","format":"standard","meta":{"footnotes":""},"categories":[6,14],"tags":[],"class_list":["post-54308","post","type-post","status-publish","format-standard","has-post-thumbnail","hentry","category-congreso-del-estado","category-destacadas"],"_links":{"self":[{"href":"https:\/\/radiowebmx.com\/nota\/wp-json\/wp\/v2\/posts\/54308","targetHints":{"allow":["GET"]}}],"collection":[{"href":"https:\/\/radiowebmx.com\/nota\/wp-json\/wp\/v2\/posts"}],"about":[{"href":"https:\/\/radiowebmx.com\/nota\/wp-json\/wp\/v2\/types\/post"}],"author":[{"embeddable":true,"href":"https:\/\/radiowebmx.com\/nota\/wp-json\/wp\/v2\/users\/2"}],"replies":[{"embeddable":true,"href":"https:\/\/radiowebmx.com\/nota\/wp-json\/wp\/v2\/comments?post=54308"}],"version-history":[{"count":1,"href":"https:\/\/radiowebmx.com\/nota\/wp-json\/wp\/v2\/posts\/54308\/revisions"}],"predecessor-version":[{"id":54310,"href":"https:\/\/radiowebmx.com\/nota\/wp-json\/wp\/v2\/posts\/54308\/revisions\/54310"}],"wp:featuredmedia":[{"embeddable":true,"href":"https:\/\/radiowebmx.com\/nota\/wp-json\/wp\/v2\/media\/54309"}],"wp:attachment":[{"href":"https:\/\/radiowebmx.com\/nota\/wp-json\/wp\/v2\/media?parent=54308"}],"wp:term":[{"taxonomy":"category","embeddable":true,"href":"https:\/\/radiowebmx.com\/nota\/wp-json\/wp\/v2\/categories?post=54308"},{"taxonomy":"post_tag","embeddable":true,"href":"https:\/\/radiowebmx.com\/nota\/wp-json\/wp\/v2\/tags?post=54308"}],"curies":[{"name":"wp","href":"https:\/\/api.w.org\/{rel}","templated":true}]}}