{"id":54305,"date":"2018-06-18T13:10:59","date_gmt":"2018-06-18T18:10:59","guid":{"rendered":"https:\/\/radiowebmx.com\/nota\/?p=54305"},"modified":"2018-06-18T14:34:09","modified_gmt":"2018-06-18T19:34:09","slug":"exhorta-vanesa-mejia-a-municipios-a-redoblar-esfuerzos-para-prevenir-desastres-en-temporada-de-lluvias","status":"publish","type":"post","link":"https:\/\/radiowebmx.com\/nota\/exhorta-vanesa-mejia-a-municipios-a-redoblar-esfuerzos-para-prevenir-desastres-en-temporada-de-lluvias\/","title":{"rendered":"Exhorta Vanesa Mej\u00eda a municipios a redoblar esfuerzos para prevenir desastres en temporada de lluvias"},"content":{"rendered":"<p class=\"x_gmail-m-6358889909331548652ydpa3669ed0yiv7102703013msonormal\"><b>Morelia;\u00a0\u00a0Michoac\u00e1n, 18 de junio de 2018.-<\/b>\u00a0\u00a0\u00a0Ante la presencia de las precipitaciones pluviales en esta temporada de lluvias y huracanes, la presidenta de la Comisi\u00f3n de Fortalecimiento Municipal y L\u00edmites Territoriales en la LXXIII Legislatura Local, Vanesa Mej\u00eda Granados hizo un llamado a las autoridades municipales para que se mantengan alerta y coordinados con las autoridades estatales para atender a la poblaci\u00f3n ante cualquier contingencia.<\/p>\n<p class=\"x_gmail-m-6358889909331548652ydpa3669ed0yiv7102703013msonormal\">La Diputada local por el Distrito de Hidalgo mencion\u00f3 que ante la presencia de la tormenta tropical \u201cCarlotta\u201d, indic\u00f3 que es necesario que las autoridades municipales se mantengan atentas para brindar atenci\u00f3n oportuna a la poblaci\u00f3n, aunado a reforzar las campa\u00f1as de prevenci\u00f3n.<\/p>\n<p class=\"x_gmail-m-6358889909331548652ydpa3669ed0yiv7102703013msonormal\">Consider\u00f3 oportuno la instalaci\u00f3n del Comit\u00e9 de Emergencias para la Temporada de Lluvias y Huracanes en Michoac\u00e1n, la cual tiene como objetivo emprender acciones conjuntas entre las autoridades de los diversos niveles de gobierno para prevenir y atender de manera oportuna cualquier contingencia.<\/p>\n<p class=\"x_gmail-m-6358889909331548652ydpa3669ed0yiv7102703013msonormal\">La legisladora se sum\u00f3 al llamado del Gobernador Silvano Aureoles para que las autoridades municipales instalen comit\u00e9s de emergencia en esta temporada, para que en el mismo se puedan evaluar y prevenir cualquier posible contingencia.<\/p>\n<p class=\"x_gmail-m-6358889909331548652ydpa3669ed0yiv7102703013msonormal\">Cabe se\u00f1alar que para la actual temporada de huracanes, se espera la presencia de 18 ciclones del lado del Oc\u00e9ano Pac\u00edfico y 14 fen\u00f3menos en el Oc\u00e9ano Atl\u00e1ntico. Los municipios considerados en riesgo por el posible desbordamiento de arroyos y r\u00edos, as\u00ed como deslave de taludes son L\u00e1zaro C\u00e1rdenas, Arteaga, Tumbiscat\u00edo, Apatzing\u00e1n, M\u00fagica, Par\u00e1cuaro, Aguililla, Coalcom\u00e1n, Coahuayana y Aquila.<\/p>\n<p class=\"x_gmail-m-6358889909331548652ydpa3669ed0yiv7102703013msonormal\">Vanesa Mej\u00eda resalt\u00f3 que mantener la seguridad durante la temporada de lluvias es una labor que involucra a las autoridades y ciudadanos, por lo que es necesario que se fortalezcan las acciones preventivas.<\/p>\n<p class=\"x_gmail-m-6358889909331548652ydpa3669ed0yiv7102703013msonormal\">Pidi\u00f3 a los ciudadanos mantenerse alerta ante la informaci\u00f3n y recomendaciones de las autoridades y recomend\u00f3 barrer las calles de sus casas, no arrojar basura en la v\u00eda p\u00fablica, y mantener las vialidades libres de desechos para evitar que se genere alg\u00fan encharcamiento.<\/p>\n<p class=\"x_gmail-m-6358889909331548652ydpa3669ed0yiv7102703013msonormal\">As\u00ed tambi\u00e9n dijo que es recomendable evitar salir de casa cuando hay fuertes lluvias para evitar accidentes y en el caso de que una tormenta est\u00e9 acompa\u00f1ada de fuertes vientos o granizo, es recomendable que la poblaci\u00f3n proteja sus ventanas con cinta adhesiva y mantenerse alejado de ellas.<\/p>\n<p class=\"x_gmail-m-6358889909331548652ydpa3669ed0yiv7102703013msonormal\">Adem\u00e1s contar con una radio port\u00e1til, una l\u00e1mpara de mano, y bater\u00edas; as\u00ed como un botiqu\u00edn de primeros auxilios y alguna maleta donde puedas transportar estos objetos y algunos v\u00edveres. Si tienes que salir de casa, utiliza ropa abrigadora.<\/p>\n<p class=\"x_gmail-m-6358889909331548652ydpa3669ed0yiv7102703013msonormal\">De la misma forma, se recomienda mantener los documentos importantes resguardados, as\u00ed como evitar la acumulaci\u00f3n de agua para evitar enfermedades.<\/p>\n","protected":false},"excerpt":{"rendered":"<p>Morelia;\u00a0\u00a0Michoac\u00e1n, 18 de junio de 2018.-\u00a0\u00a0\u00a0Ante la presencia de las precipitaciones pluviales en esta temporada de lluvias y huracanes, la presidenta de la Comisi\u00f3n de Fortalecimiento Municipal y L\u00edmites Territoriales en la LXXIII Legislatura Local, Vanesa Mej\u00eda Granados hizo un llamado a las autoridades municipales para que se mantengan alerta y coordinados con las autoridades [&hellip;]<\/p>\n","protected":false},"author":2,"featured_media":54306,"comment_status":"closed","ping_status":"closed","sticky":false,"template":"","format":"standard","meta":{"footnotes":""},"categories":[6,14],"tags":[],"class_list":["post-54305","post","type-post","status-publish","format-standard","has-post-thumbnail","hentry","category-congreso-del-estado","category-destacadas"],"_links":{"self":[{"href":"https:\/\/radiowebmx.com\/nota\/wp-json\/wp\/v2\/posts\/54305","targetHints":{"allow":["GET"]}}],"collection":[{"href":"https:\/\/radiowebmx.com\/nota\/wp-json\/wp\/v2\/posts"}],"about":[{"href":"https:\/\/radiowebmx.com\/nota\/wp-json\/wp\/v2\/types\/post"}],"author":[{"embeddable":true,"href":"https:\/\/radiowebmx.com\/nota\/wp-json\/wp\/v2\/users\/2"}],"replies":[{"embeddable":true,"href":"https:\/\/radiowebmx.com\/nota\/wp-json\/wp\/v2\/comments?post=54305"}],"version-history":[{"count":1,"href":"https:\/\/radiowebmx.com\/nota\/wp-json\/wp\/v2\/posts\/54305\/revisions"}],"predecessor-version":[{"id":54307,"href":"https:\/\/radiowebmx.com\/nota\/wp-json\/wp\/v2\/posts\/54305\/revisions\/54307"}],"wp:featuredmedia":[{"embeddable":true,"href":"https:\/\/radiowebmx.com\/nota\/wp-json\/wp\/v2\/media\/54306"}],"wp:attachment":[{"href":"https:\/\/radiowebmx.com\/nota\/wp-json\/wp\/v2\/media?parent=54305"}],"wp:term":[{"taxonomy":"category","embeddable":true,"href":"https:\/\/radiowebmx.com\/nota\/wp-json\/wp\/v2\/categories?post=54305"},{"taxonomy":"post_tag","embeddable":true,"href":"https:\/\/radiowebmx.com\/nota\/wp-json\/wp\/v2\/tags?post=54305"}],"curies":[{"name":"wp","href":"https:\/\/api.w.org\/{rel}","templated":true}]}}