{"id":543,"date":"2012-12-11T10:56:56","date_gmt":"2012-12-11T16:56:56","guid":{"rendered":"https:\/\/radiowebmx.com\/nota\/?p=543"},"modified":"2012-12-11T10:56:56","modified_gmt":"2012-12-11T16:56:56","slug":"apuestan-autoridades-por-la-construccion-de-un-nuevo-modelo-educativo","status":"publish","type":"post","link":"https:\/\/radiowebmx.com\/nota\/apuestan-autoridades-por-la-construccion-de-un-nuevo-modelo-educativo\/","title":{"rendered":"APUESTAN AUTORIDADES POR LA CONSTRUCCI\u00d3N  DE UN NUEVO MODELO EDUCATIVO"},"content":{"rendered":"<p><img loading=\"lazy\" decoding=\"async\" class=\"alignnone\" src=\"http:\/\/img831.imageshack.us\/img831\/7933\/img1211xj.jpg\" alt=\"\" width=\"591\" height=\"254\" \/>La apuesta de las autoridades es para que la educaci\u00f3n superior pueda auxiliar en la construcci\u00f3n de un modelo educativo basado en la interculturalidad, que permita la vinculaci\u00f3n entre los diferentes niveles (B\u00e1sico, Media Superior, Superior y Posgrado) y sobre todo que las instituciones universitarias sean l\u00edderes de sus regiones.<\/p>\n<p>As\u00ed lo expuso la secretaria de Educaci\u00f3n, Teresa Herrera Guido, durante la instalaci\u00f3n y toma de protesta de los integrantes de la Comisi\u00f3n de Vinculaci\u00f3n para Educaci\u00f3n B\u00e1sica, Media Superior y Educaci\u00f3n Superior, la cual forma parte del Consejo Consultivo y de Apoyo a la Educaci\u00f3n del Estado de Michoac\u00e1n (CCAEEM), con el objetivo de hacer propuestas y promover proyectos que atiendan las necesidades de la educaci\u00f3n media superior y de posgrado.<\/p>\n<p>En su mensaje, la secretaria expuso que el trabajo de la actual administraci\u00f3n es para que la educaci\u00f3n superior se vincule con la educaci\u00f3n b\u00e1sica y con el reto de cambiar la perspectiva de la juventud, que en la actualidad se desalienta por la falta de empleo.<\/p>\n<p>Por ello, refiri\u00f3 que las instituciones tecnol\u00f3gicas pueden ser formadores de l\u00edderes y generadoras de empleo en sus regiones, a trav\u00e9s del desarrollo de proyectos para que estos espacios sean tambi\u00e9n generadores de empleo.<\/p>\n<p>\u201cTenemos la responsabilidad inmediata de vincular planes y programas y sobre todo, estar brazo con brazo retando una realidad que no es la m\u00e1s adecuada para todos nosotros y ese es el liderazgo que tenemos que promover con las instituciones de educaci\u00f3n superior; liderar las regiones donde est\u00e1n acentuados, como lo hace Zamora donde est\u00e1n haciendo biodiesel\u201d, ejemplific\u00f3.<\/p>\n<p>Desde la presente administraci\u00f3n se trabaja a favor de la vinculaci\u00f3n entre los niveles y por ello se conform\u00f3 el Centro de Innovaci\u00f3n e Investigaci\u00f3n del Fraccionamiento La Hacienda de esta ciudad, el cual en un mismo espacio se ubican escuelas de preescolar, primaria y pr\u00f3ximamente secundaria, con profesores que forman colectivos y el trabajo conjunto con padres de familia.<\/p>\n<p>Adem\u00e1s habl\u00f3 del trabajo que hacen algunos universitarios con el apoyo en la educaci\u00f3n b\u00e1sica donde especialistas y\/o cient\u00edficos refuerzan el aprendizaje de ciencias exactas en primarias y secundarias, entre otras acciones que permitan superar las carencias y necesidades de aprendizaje en el sector educativo.<\/p>\n<p>Por lo anterior, dijo que esta Comisi\u00f3n de Vinculaci\u00f3n para Educaci\u00f3n B\u00e1sica, Educaci\u00f3n Media Superior y Educaci\u00f3n Superior, permitir\u00e1 establecer entre los niveles para que se establezcan l\u00edneas de trabajo estrat\u00e9gicas para la formaci\u00f3n de los alumnos.<\/p>\n<p>En la reuni\u00f3n estuvo presente el subsecretario de Educaci\u00f3n Media Superior, \u00c1lvaro Estrada Maldonado; el secretario T\u00e9cnico, Marco Antonio T\u00e9llez, adem\u00e1s de autoridades educativas del Colegio de Michoac\u00e1n, de la Universidad Michoacana de San Nicol\u00e1s de Hidalgo, de la Asociaci\u00f3n Civil Mexicanos Primero, y del \u00e1rea de Educaci\u00f3n Media Superior y Superior.<\/p>\n<p>Cabe recordar que hace una semana sesionaron los Comit\u00e9s de Transparencia para el Manejo y Control de Recursos Materiales; el de Control de Recursos Financieros; la Comisi\u00f3n de Vinculaci\u00f3n Escuela Sociedad y la de Normatividad y Desarrollo Organizacional.<\/p>\n","protected":false},"excerpt":{"rendered":"<p>La apuesta de las autoridades es para que la educaci\u00f3n superior pueda auxiliar en la construcci\u00f3n de un modelo educativo basado en la interculturalidad, que permita la vinculaci\u00f3n entre los diferentes niveles (B\u00e1sico, Media Superior, Superior y Posgrado) y sobre todo que las instituciones universitarias sean l\u00edderes de sus regiones.<\/p>\n","protected":false},"author":1,"featured_media":0,"comment_status":"open","ping_status":"open","sticky":false,"template":"","format":"standard","meta":{"footnotes":""},"categories":[3],"tags":[],"class_list":["post-543","post","type-post","status-publish","format-standard","hentry","category-gobierno-del-estado-de-michoacan"],"_links":{"self":[{"href":"https:\/\/radiowebmx.com\/nota\/wp-json\/wp\/v2\/posts\/543","targetHints":{"allow":["GET"]}}],"collection":[{"href":"https:\/\/radiowebmx.com\/nota\/wp-json\/wp\/v2\/posts"}],"about":[{"href":"https:\/\/radiowebmx.com\/nota\/wp-json\/wp\/v2\/types\/post"}],"author":[{"embeddable":true,"href":"https:\/\/radiowebmx.com\/nota\/wp-json\/wp\/v2\/users\/1"}],"replies":[{"embeddable":true,"href":"https:\/\/radiowebmx.com\/nota\/wp-json\/wp\/v2\/comments?post=543"}],"version-history":[{"count":1,"href":"https:\/\/radiowebmx.com\/nota\/wp-json\/wp\/v2\/posts\/543\/revisions"}],"predecessor-version":[{"id":544,"href":"https:\/\/radiowebmx.com\/nota\/wp-json\/wp\/v2\/posts\/543\/revisions\/544"}],"wp:attachment":[{"href":"https:\/\/radiowebmx.com\/nota\/wp-json\/wp\/v2\/media?parent=543"}],"wp:term":[{"taxonomy":"category","embeddable":true,"href":"https:\/\/radiowebmx.com\/nota\/wp-json\/wp\/v2\/categories?post=543"},{"taxonomy":"post_tag","embeddable":true,"href":"https:\/\/radiowebmx.com\/nota\/wp-json\/wp\/v2\/tags?post=543"}],"curies":[{"name":"wp","href":"https:\/\/api.w.org\/{rel}","templated":true}]}}