{"id":54298,"date":"2018-06-18T11:06:17","date_gmt":"2018-06-18T16:06:17","guid":{"rendered":"https:\/\/radiowebmx.com\/nota\/?p=54298"},"modified":"2018-06-18T11:06:17","modified_gmt":"2018-06-18T16:06:17","slug":"tendran-migrantes-una-atencion-de-calidad-leticia-ruiz-lopez","status":"publish","type":"post","link":"https:\/\/radiowebmx.com\/nota\/tendran-migrantes-una-atencion-de-calidad-leticia-ruiz-lopez\/","title":{"rendered":"Tendr\u00e1n migrantes una atenci\u00f3n de calidad: Leticia Ru\u00edz L\u00f3pez"},"content":{"rendered":"<p class=\"x_gmail-MsoListParagraph\"><strong>\u00b7\u00a0\u00a0\u00a0\u00a0\u00a0\u00a0\u00a0\u00a0\u00a0Espera que en breve sea publicada la reforma a la Ley de Migrantes obligar\u00e1 a Secretar\u00eda a brindar servicios de calidad<\/strong><\/p>\n<p class=\"x_MsoNormal\"><b>Morelia; Michoac\u00e1n, 18 de junio de 2018<\/b>.- En Michoac\u00e1n los migrantes por ley deber\u00e1n recibir un servicio p\u00fablico de calidad por parte de la Secretar\u00eda del Migrante, esto al reformar el art\u00edculo 12 de la Ley en la materia, se\u00f1al\u00f3 la diputada Leticia Ru\u00edz L\u00f3pez, presidenta de la Comisi\u00f3n de Migraci\u00f3n.<\/p>\n<p class=\"x_MsoNormal\">La reforma aprobada por el Pleno de la LXXIII Legislatura y en espera de que sea publicada, fue presentada por la parlamentaria del Partido Acci\u00f3n Nacional el pasado 30 de mayo, en la cual se agrega un p\u00e1rrafo al art\u00edculo en menci\u00f3n de la Ley para la Atenci\u00f3n y Protecci\u00f3n de los Migrantes y sus Familias del Estado, estableciendo que los servicios que se brindan en la Secretar\u00eda son de calidad, ante ello, cada uno de los procesos que aquellos conllevan estar\u00e1n certificados en aras de garantizarla.<\/p>\n<p class=\"x_MsoNormal\">En este sentido, Ru\u00edz L\u00f3pez se\u00f1alo que dicha modificaci\u00f3n dar\u00e1 certeza a los migrantes de un trato digno a su ya de por s\u00ed vulnerada situaci\u00f3n en que se encuentran, por su condici\u00f3n de ausencia en su territorio natal.<\/p>\n<p class=\"x_MsoNormal\">La legisladora albiazul, destac\u00f3 que si bien la Secretar\u00eda ha llevado a cabo procedimientos, programas, planes y acciones trascendentales para el sector migrante, a\u00fan existen reclamos por la tard\u00eda de los servicios u otras circunstancias, por lo que esta reforma a la reci\u00e9n Ley promulgada pondr\u00e1 a salvo toda objeci\u00f3n la calidad de los servicios que proporciona dicha dependencia.<\/p>\n<p class=\"x_MsoNormal\">Precis\u00f3 que con esta nueva adici\u00f3n los servicios de atenci\u00f3n, asistencia, asesor\u00eda, capacitaci\u00f3n, apoyo o cualquier acci\u00f3n que realicen los servidores p\u00fablicos encargados de dirigir la pol\u00edtica migrante del estado, deber\u00e1n ser eficientes y eficaces.<\/p>\n<p class=\"x_MsoNormal\">Asimismo, resalt\u00f3 que la reforma surgi\u00f3 de las constantes peticiones de los migrantes, y con ello poder tener elementos necesarios para la fiscalizaci\u00f3n y medici\u00f3n de los logros del Plan Estatal de Desarrollo; y principalmente garantizar el ejercicio pleno de los derechos de los migrantes y sus familias.<\/p>\n<p class=\"x_MsoNormal\">Finalmente, Leticia Ru\u00edz L\u00f3pez celebr\u00f3 la pronta respuesta de sus hom\u00f3logos, as\u00ed como su respaldo e inter\u00e9s por mejorar las condiciones de los connacionales, sector ya de por si vulnerado que se tienen que enfrentar a la dif\u00edcil situaci\u00f3n de separarse de su tierra natal y de sus familiares, y a parte tener que enfrentarse a tr\u00e1mites burocr\u00e1ticos, tediosos o poco eficientes y eficaces.<\/p>\n","protected":false},"excerpt":{"rendered":"<p>\u00b7\u00a0\u00a0\u00a0\u00a0\u00a0\u00a0\u00a0\u00a0\u00a0Espera que en breve sea publicada la reforma a la Ley de Migrantes obligar\u00e1 a Secretar\u00eda a brindar servicios de calidad Morelia; Michoac\u00e1n, 18 de junio de 2018.- En Michoac\u00e1n los migrantes por ley deber\u00e1n recibir un servicio p\u00fablico de calidad por parte de la Secretar\u00eda del Migrante, esto al reformar el art\u00edculo 12 de [&hellip;]<\/p>\n","protected":false},"author":2,"featured_media":54299,"comment_status":"closed","ping_status":"closed","sticky":false,"template":"","format":"standard","meta":{"footnotes":""},"categories":[6,14],"tags":[],"class_list":["post-54298","post","type-post","status-publish","format-standard","has-post-thumbnail","hentry","category-congreso-del-estado","category-destacadas"],"_links":{"self":[{"href":"https:\/\/radiowebmx.com\/nota\/wp-json\/wp\/v2\/posts\/54298","targetHints":{"allow":["GET"]}}],"collection":[{"href":"https:\/\/radiowebmx.com\/nota\/wp-json\/wp\/v2\/posts"}],"about":[{"href":"https:\/\/radiowebmx.com\/nota\/wp-json\/wp\/v2\/types\/post"}],"author":[{"embeddable":true,"href":"https:\/\/radiowebmx.com\/nota\/wp-json\/wp\/v2\/users\/2"}],"replies":[{"embeddable":true,"href":"https:\/\/radiowebmx.com\/nota\/wp-json\/wp\/v2\/comments?post=54298"}],"version-history":[{"count":1,"href":"https:\/\/radiowebmx.com\/nota\/wp-json\/wp\/v2\/posts\/54298\/revisions"}],"predecessor-version":[{"id":54300,"href":"https:\/\/radiowebmx.com\/nota\/wp-json\/wp\/v2\/posts\/54298\/revisions\/54300"}],"wp:featuredmedia":[{"embeddable":true,"href":"https:\/\/radiowebmx.com\/nota\/wp-json\/wp\/v2\/media\/54299"}],"wp:attachment":[{"href":"https:\/\/radiowebmx.com\/nota\/wp-json\/wp\/v2\/media?parent=54298"}],"wp:term":[{"taxonomy":"category","embeddable":true,"href":"https:\/\/radiowebmx.com\/nota\/wp-json\/wp\/v2\/categories?post=54298"},{"taxonomy":"post_tag","embeddable":true,"href":"https:\/\/radiowebmx.com\/nota\/wp-json\/wp\/v2\/tags?post=54298"}],"curies":[{"name":"wp","href":"https:\/\/api.w.org\/{rel}","templated":true}]}}