{"id":54288,"date":"2018-06-15T19:37:25","date_gmt":"2018-06-16T00:37:25","guid":{"rendered":"https:\/\/radiowebmx.com\/nota\/?p=54288"},"modified":"2018-06-18T10:40:22","modified_gmt":"2018-06-18T15:40:22","slug":"mesa-de-gobernabilidad-por-la-paz-y-tranquilidad-del-proceso-electoral","status":"publish","type":"post","link":"https:\/\/radiowebmx.com\/nota\/mesa-de-gobernabilidad-por-la-paz-y-tranquilidad-del-proceso-electoral\/","title":{"rendered":"Mesa de Gobernabilidad, por la paz y tranquilidad del proceso electoral"},"content":{"rendered":"<p><img loading=\"lazy\" decoding=\"async\" class=\"\" src=\"http:\/\/michoacan.gob.mx\/wp-content\/uploads\/2018\/06\/62fd869c-45d8-4f3b-9ba7-1c0a70ea719a.jpeg\" width=\"399\" height=\"266\" \/><\/p>\n<p>&nbsp;<\/p>\n<p><img loading=\"lazy\" decoding=\"async\" class=\"\" src=\"http:\/\/michoacan.gob.mx\/wp-content\/uploads\/2018\/06\/337ae520-d5df-470d-8a85-bd704ac2d3d8.jpeg\" width=\"399\" height=\"266\" \/><\/p>\n<ul>\n<li><strong>Esta noche sesiona de manera extraordinaria la Mesa de Gobernabilidad para el Seguimiento del Proceso Electoral, encabezada por el Gobernador Silvano Aureoles.<\/strong><\/li>\n<\/ul>\n<p><strong>Morelia, Michoac\u00e1n, a 15 de junio de 2018.-<\/strong>\u00a0Esta noche sesion\u00f3 de manera extraordinaria la Mesa de Gobernabilidad para el Seguimiento del Proceso Electoral, donde autoridades estatales, federales, electorales y representantes de los institutos pol\u00edticos, ratificaron que se dar\u00e1n todas las condiciones para que tanto campa\u00f1as como jornada comicial se den en orden y paz.<\/p>\n<p>En la sesi\u00f3n que encabez\u00f3 el Gobernador Silvano Aureoles Conejo, se analiz\u00f3 el caso del candidato a la alcald\u00eda de Taretan, Alejandro Ch\u00e1vez Zavala, hecho que las y los integrantes de la Mesa lamentaron y condenaron.<\/p>\n<p>En ese tenor, el mandatario estatal reiter\u00f3 que estos incidentes no quedar\u00e1n impunes y que ya se trabaja en su pleno esclarecimiento para dar con los responsables y llevarlos ante la justicia.<\/p>\n<p>\u201cCero tolerancia a quienes delinquen, y en este caso no descansaremos hasta dar con los autores materiales e intelectuales\u201d, sostuvo.<\/p>\n<p>Las y los representantes de los partidos pol\u00edticos externaron su confianza en los trabajos de esta Mesa y las instituciones para que el proceso electoral en curso transcurra con normalidad.<\/p>\n<p>Tambi\u00e9n durante esta reuni\u00f3n, se revis\u00f3 el protocolo de seguridad para las candidatas y candidatos a los diferentes cargos de elecci\u00f3n popular, adem\u00e1s de los operativos que se implementan en las diferentes regiones de la entidad.<\/p>\n<p>Cabe mencionar que la Mesa de Gobernabilidad se encuentra en sesi\u00f3n permanente y si bien se realizaron reuniones semanales, habr\u00e1 convocatorias extraordinarias cuando as\u00ed se requiera.<\/p>\n<p>Fueron part\u00edcipes de esta reuni\u00f3n el secretario de Seguridad P\u00fablica, Juan Bernardo Corona Mart\u00ednez; el procurador general de justicia, Jos\u00e9 Mart\u00edn Godoy Castro; el presidente del Tribunal Electoral del Estado, Ignacio Hurtado G\u00f3mez; el presidente del Instituto Electoral del Estado, Ram\u00f3n Hern\u00e1ndez Reyes; el delegado de la Secretar\u00eda de Gobernaci\u00f3n federal, Alejandro Salda\u00f1a Villase\u00f1or; el subsecretario de Gobernaci\u00f3n estatal, Armando Hurtado Ar\u00e9valo y el jefe de la Oficina del Despacho del Gobernador, Erick L\u00f3pez Barriga.<\/p>\n<p>As\u00ed como los presidentes de los partidos de la Revoluci\u00f3n Democr\u00e1tica, Mart\u00edn Garc\u00eda Avil\u00e9s; Revolucionario Institucional, V\u00edctor Manuel Silva Tejeda; Acci\u00f3n Nacional, Jos\u00e9 Manuel Hinojosa P\u00e9rez; Nueva Alianza, Araceli Mart\u00ednez M\u00e9ndez y de Movimiento Ciudadano, Francisco Javier Paredes Andrade; adem\u00e1s de representantes de candidatos independientes, del Partido Verde Ecologista, entre otras autoridades.<\/p>\n<div id=\"gallery-1\" class=\"gallery galleryid-33835 gallery-columns-2 gallery-size-full\"><\/div>\n","protected":false},"excerpt":{"rendered":"<p>&nbsp; Esta noche sesiona de manera extraordinaria la Mesa de Gobernabilidad para el Seguimiento del Proceso Electoral, encabezada por el Gobernador Silvano Aureoles. Morelia, Michoac\u00e1n, a 15 de junio de 2018.-\u00a0Esta noche sesion\u00f3 de manera extraordinaria la Mesa de Gobernabilidad para el Seguimiento del Proceso Electoral, donde autoridades estatales, federales, electorales y representantes de los [&hellip;]<\/p>\n","protected":false},"author":2,"featured_media":54290,"comment_status":"closed","ping_status":"closed","sticky":false,"template":"","format":"standard","meta":{"footnotes":""},"categories":[14,3,60],"tags":[],"class_list":["post-54288","post","type-post","status-publish","format-standard","has-post-thumbnail","hentry","category-destacadas","category-gobierno-del-estado-de-michoacan","category-michoacan"],"_links":{"self":[{"href":"https:\/\/radiowebmx.com\/nota\/wp-json\/wp\/v2\/posts\/54288","targetHints":{"allow":["GET"]}}],"collection":[{"href":"https:\/\/radiowebmx.com\/nota\/wp-json\/wp\/v2\/posts"}],"about":[{"href":"https:\/\/radiowebmx.com\/nota\/wp-json\/wp\/v2\/types\/post"}],"author":[{"embeddable":true,"href":"https:\/\/radiowebmx.com\/nota\/wp-json\/wp\/v2\/users\/2"}],"replies":[{"embeddable":true,"href":"https:\/\/radiowebmx.com\/nota\/wp-json\/wp\/v2\/comments?post=54288"}],"version-history":[{"count":1,"href":"https:\/\/radiowebmx.com\/nota\/wp-json\/wp\/v2\/posts\/54288\/revisions"}],"predecessor-version":[{"id":54291,"href":"https:\/\/radiowebmx.com\/nota\/wp-json\/wp\/v2\/posts\/54288\/revisions\/54291"}],"wp:featuredmedia":[{"embeddable":true,"href":"https:\/\/radiowebmx.com\/nota\/wp-json\/wp\/v2\/media\/54290"}],"wp:attachment":[{"href":"https:\/\/radiowebmx.com\/nota\/wp-json\/wp\/v2\/media?parent=54288"}],"wp:term":[{"taxonomy":"category","embeddable":true,"href":"https:\/\/radiowebmx.com\/nota\/wp-json\/wp\/v2\/categories?post=54288"},{"taxonomy":"post_tag","embeddable":true,"href":"https:\/\/radiowebmx.com\/nota\/wp-json\/wp\/v2\/tags?post=54288"}],"curies":[{"name":"wp","href":"https:\/\/api.w.org\/{rel}","templated":true}]}}