{"id":54279,"date":"2018-06-16T18:23:41","date_gmt":"2018-06-16T23:23:41","guid":{"rendered":"https:\/\/radiowebmx.com\/nota\/?p=54279"},"modified":"2018-06-18T10:26:38","modified_gmt":"2018-06-18T15:26:38","slug":"instalan-comite-de-emergencias-para-la-temporada-de-lluvias-y-huracanes-2018","status":"publish","type":"post","link":"https:\/\/radiowebmx.com\/nota\/instalan-comite-de-emergencias-para-la-temporada-de-lluvias-y-huracanes-2018\/","title":{"rendered":"Instalan Comit\u00e9 de Emergencias para la temporada de lluvias y huracanes 2018"},"content":{"rendered":"<p><img loading=\"lazy\" decoding=\"async\" class=\"\" src=\"http:\/\/michoacan.gob.mx\/wp-content\/uploads\/2018\/06\/f0373585-ca97-4d56-bbcf-171bb16758c7.jpeg\" width=\"401\" height=\"267\" \/><\/p>\n<p>&nbsp;<\/p>\n<ul>\n<li><strong>El Gobernador Silvano Aureoles toma protesta a las y los nuevos integrantes y declara en sesi\u00f3n permanente este organismo.<\/strong><\/li>\n<li><strong>Piden que se alerte a los municipios ante la pr\u00f3xima presencia de intensas precipitaciones pluviales.<\/strong><\/li>\n<\/ul>\n<p>&nbsp;<\/p>\n<p><strong>Morelia, Michoac\u00e1n, a 16 de junio de 2018.-\u00a0<\/strong>El Gobernador Constitucional Silvano Aureoles Conejo, instal\u00f3 y declar\u00f3 en sesi\u00f3n permanente el Comit\u00e9 de Emergencias para la Temporada de Lluvias y Huracanes 2018, que tiene por objetivo coordinar las acciones preventivas y de atenci\u00f3n a posibles contingencias.<\/p>\n<p>El titular del Ejecutivo Estatal hizo un llamado a las autoridades municipales a instalar a la brevedad posible sus Comit\u00e9s similares, a fin de estar en posibilidades de dar respuesta ante los efectos de cualquier fen\u00f3meno meteorol\u00f3gico.<\/p>\n<p>Asimismo, pidi\u00f3 que se mantengan alerta y en coordinaci\u00f3n con los diferentes niveles de gobierno, debido a que se pronostican intensas lluvias en territorio estatal, ante la presencia en el Oc\u00e9ano Pac\u00edfico del fen\u00f3meno denominado Carlotta.<\/p>\n<p>Solicit\u00f3 adem\u00e1s que se designen de inmediato los enlaces de cada una de las dependencias que integran este Comit\u00e9, para estar en posibilidades de sesionar cuantas veces se requiera y coordinar las tareas que se desprendan del mismo.<\/p>\n<p>Otro de los puntos a resaltar, fue que si bien ya se encuentran listos para operar 35 refugios temporales en caso de requerirse, se buscar\u00e1 que preferentemente no se trate de escuelas y los Complejos Administrativos Regionales estar\u00e1n en condiciones de operar como albergues.<\/p>\n<p>Durante esta mesa de trabajo, el mandatario tom\u00f3 protesta a las y los nuevos integrantes de este organismo, en que confluyen autoridades estatales y federales; Juan Carlos Barrag\u00e1n V\u00e9lez, secretario de Desarrollo Social y Humano; Diana Celia Carpio R\u00edos, secretaria de Salud; Rub\u00e9n Medina Ni\u00f1o, secretario de Desarrollo Rural y Agroalimentario.<\/p>\n<p>Tambi\u00e9n rindieron protesta Luis Arturo Gamboa Mendoza, delegado de Sedesol; Silvia Mendoza Valenzuela, delegada de SEP; Alejandro Salda\u00f1a Villase\u00f1or, delegado de Segob y Martha Patricia Medina Garibay, diputada local presidenta de la Comisi\u00f3n de Seguridad P\u00fablica y Protecci\u00f3n Civil.<\/p>\n<p>&nbsp;<\/p>\n<p><strong>Pron\u00f3stico Meteorol\u00f3gico<\/strong><\/p>\n<p>&nbsp;<\/p>\n<p>El director estatal de la Comisi\u00f3n Nacional del Agua, Oswaldo Rodr\u00edguez Guti\u00e9rrez, dio a conocer que para la actual temporada de huracanes, se espera la presencia de 18 ciclones del lado del Oc\u00e9ano Pac\u00edfico y 14 fen\u00f3menos en el Oc\u00e9ano Atl\u00e1ntico.<\/p>\n<p>En el Pac\u00edfico, de los 18 ciclones pronosticados, ocho son tormentas tropicales, cuatro huracanes categor\u00eda 1 y 2, y seis huracanes categor\u00eda 3,4 o 5. Mientras que del lado del Atl\u00e1ntico, de los 14 fen\u00f3menos registrados, siete son tormentas tropicales, cuatro huracanes categor\u00eda 1 y 2, y tres huracanes categor\u00eda 3, 4 y 5.<\/p>\n<p>Refiri\u00f3 que Aletta y Bud, son los fen\u00f3menos que han impactado con lluvias en el territorio michoacano y si bien Carlotta no tocar\u00e1 la costa michoacana, se pronostica que provoque intensas precipitaciones pluviales principalmente en los municipios de L\u00e1zaro C\u00e1rdenas, La Huacana y Apatzing\u00e1n, por lo que deber\u00e1n monitorearse para evitar cualquier contingencia.<\/p>\n<p>Sobre el tema, el coordinador estatal de Protecci\u00f3n Civil, Carlos Mandujano V\u00e1zquez, mencion\u00f3 que los municipios considerados en riesgo por el posible desbordamiento de arroyos y r\u00edos, as\u00ed como deslave de taludes son L\u00e1zaro C\u00e1rdenas, Arteaga, Tumbiscat\u00edo, Apatzing\u00e1n, M\u00fagica, Par\u00e1cuaro, Aguililla, Coalcom\u00e1n, Coahuyana y Aquila.<\/p>\n<p>Los ayuntamientos que ya cuentan con albergues definidos son Aguililla, con uno; Apatzing\u00e1n, seis; Aquila, 10; Coahuayana, seis y L\u00e1zaro C\u00e1rdenas, 12, dando un total de 35 refugios temporales disponibles.<\/p>\n<p>Tambi\u00e9n participaron en esta sesi\u00f3n, el secretario de Finanzas y Administraci\u00f3n, Carlos Maldonado Mendoza; los comandantes de la 10 Zona Naval y 43 Zona Militar, vicealmirante Salvador G\u00f3mez Rangel y general Ricardo Trevilla Trejo, respectivamente; la coordinadora general de Comunicaci\u00f3n Social, Julieta L\u00f3pez Bautista; el subsecretario de Gobernaci\u00f3n estatal, Armando Hurtado Ar\u00e9valo; el jefe de la Oficina del Despacho del Gobernador, Erick L\u00f3pez Barriga, entre otras autoridades estatales y federales.<\/p>\n","protected":false},"excerpt":{"rendered":"<p>&nbsp; El Gobernador Silvano Aureoles toma protesta a las y los nuevos integrantes y declara en sesi\u00f3n permanente este organismo. Piden que se alerte a los municipios ante la pr\u00f3xima presencia de intensas precipitaciones pluviales. &nbsp; Morelia, Michoac\u00e1n, a 16 de junio de 2018.-\u00a0El Gobernador Constitucional Silvano Aureoles Conejo, instal\u00f3 y declar\u00f3 en sesi\u00f3n permanente [&hellip;]<\/p>\n","protected":false},"author":2,"featured_media":54280,"comment_status":"closed","ping_status":"closed","sticky":false,"template":"","format":"standard","meta":{"footnotes":""},"categories":[14,90],"tags":[],"class_list":["post-54279","post","type-post","status-publish","format-standard","has-post-thumbnail","hentry","category-destacadas","category-elecciones-2018"],"_links":{"self":[{"href":"https:\/\/radiowebmx.com\/nota\/wp-json\/wp\/v2\/posts\/54279","targetHints":{"allow":["GET"]}}],"collection":[{"href":"https:\/\/radiowebmx.com\/nota\/wp-json\/wp\/v2\/posts"}],"about":[{"href":"https:\/\/radiowebmx.com\/nota\/wp-json\/wp\/v2\/types\/post"}],"author":[{"embeddable":true,"href":"https:\/\/radiowebmx.com\/nota\/wp-json\/wp\/v2\/users\/2"}],"replies":[{"embeddable":true,"href":"https:\/\/radiowebmx.com\/nota\/wp-json\/wp\/v2\/comments?post=54279"}],"version-history":[{"count":1,"href":"https:\/\/radiowebmx.com\/nota\/wp-json\/wp\/v2\/posts\/54279\/revisions"}],"predecessor-version":[{"id":54281,"href":"https:\/\/radiowebmx.com\/nota\/wp-json\/wp\/v2\/posts\/54279\/revisions\/54281"}],"wp:featuredmedia":[{"embeddable":true,"href":"https:\/\/radiowebmx.com\/nota\/wp-json\/wp\/v2\/media\/54280"}],"wp:attachment":[{"href":"https:\/\/radiowebmx.com\/nota\/wp-json\/wp\/v2\/media?parent=54279"}],"wp:term":[{"taxonomy":"category","embeddable":true,"href":"https:\/\/radiowebmx.com\/nota\/wp-json\/wp\/v2\/categories?post=54279"},{"taxonomy":"post_tag","embeddable":true,"href":"https:\/\/radiowebmx.com\/nota\/wp-json\/wp\/v2\/tags?post=54279"}],"curies":[{"name":"wp","href":"https:\/\/api.w.org\/{rel}","templated":true}]}}