{"id":54263,"date":"2018-06-15T13:49:58","date_gmt":"2018-06-15T18:49:58","guid":{"rendered":"https:\/\/radiowebmx.com\/nota\/?p=54263"},"modified":"2018-06-15T14:33:01","modified_gmt":"2018-06-15T19:33:01","slug":"vecinos-de-la-colonia-tercera-esperanza-piden-respaldo-de-diputados-federales","status":"publish","type":"post","link":"https:\/\/radiowebmx.com\/nota\/vecinos-de-la-colonia-tercera-esperanza-piden-respaldo-de-diputados-federales\/","title":{"rendered":"Vecinos de la colonia Tercera Esperanza piden respaldo de diputados federales"},"content":{"rendered":"<p><img loading=\"lazy\" decoding=\"async\" class=\"\" src=\"https:\/\/attachment.outlook.live.net\/owa\/comgrafic_3@hotmail.com\/service.svc\/s\/GetAttachmentThumbnail?id=AQMkADAwATY0MDABLTgwNTYtZWM3OS0wMAItMDAKAEYAAAPaed1c1j8KT7aURLn6rI5GBwAe15j5sUT3TaISzCRY4uMCAAACAQwAAADomvo5BPcZT7qsxXAm84sCAAEBAFOyCQAAAAESABAAfrmx77FwoEiTMqUFTdwjLQ%3D%3D&amp;thumbnailType=2&amp;X-OWA-CANARY=9dAaCa2Hy0OaX42MM1KsRmAqnYL10tUYYRv0u8AALTNRU4WywZoWLaGcO_aNBGkE_Qq_vDUU0v0.&amp;token=eyJhbGciOiJSUzI1NiIsImtpZCI6IjA2MDBGOUY2NzQ2MjA3MzdFNzM0MDRFMjg3QzQ1QTgxOENCN0NFQjgiLCJ4NXQiOiJCZ0Q1OW5SaUJ6Zm5OQVRpaDhSYWdZeTN6cmciLCJ0eXAiOiJKV1QifQ.eyJ2ZXIiOiJFeGNoYW5nZS5DYWxsYmFjay5WMSIsImFwcGN0eHNlbmRlciI6Ik93YURvd25sb2FkQDg0ZGY5ZTdmLWU5ZjYtNDBhZi1iNDM1LWFhYWFhYWFhYWFhYSIsImFwcGN0eCI6IntcIm1zZXhjaHByb3RcIjpcIm93YVwiLFwicHJpbWFyeXNpZFwiOlwiUy0xLTI4MjctNDA5NjAwLTIxNTMxODAyODFcIixcInB1aWRcIjpcIjE3NTkyMjA3NTc2MjE4ODFcIixcIm9pZFwiOlwiMDAwNjQwMDAtODA1Ni1lYzc5LTAwMDAtMDAwMDAwMDAwMDAwXCIsXCJzY29wZVwiOlwiT3dhRG93bmxvYWRcIn0iLCJuYmYiOjE1MjkwOTA2MTEsImV4cCI6MTUyOTA5MTIxMSwiaXNzIjoiMDAwMDAwMDItMDAwMC0wZmYxLWNlMDAtMDAwMDAwMDAwMDAwQDg0ZGY5ZTdmLWU5ZjYtNDBhZi1iNDM1LWFhYWFhYWFhYWFhYSIsImF1ZCI6IjAwMDAwMDAyLTAwMDAtMGZmMS1jZTAwLTAwMDAwMDAwMDAwMC9hdHRhY2htZW50Lm91dGxvb2subGl2ZS5uZXRAODRkZjllN2YtZTlmNi00MGFmLWI0MzUtYWFhYWFhYWFhYWFhIn0.s-GGMardGrq1HVlqd1wecxODB0xggm4uVlcgkP64pw4afy8zweZPmOT0qDT2V3AikiyPM_cguZFfKmxMZ8tOD9p8iJWHGR9dWcLLtv0_F_8rbuRlDEOzmx7cf-iRzM8WoryZtYx5Tdw6ZS14SHWDa8aFrfKivgCFuw_gOt_BUf87JO88BXSR9es-whkw-Z9LIDRuIW5_WViSZsCC39SSMfd6nLA7Njv1mM1Psi16FwMjnlA6ymL4MsEY-0HmofTw57htH0hotzfq57Jgn7c4rf2A3jN66RljZpi2KVHs73gD386vyF4uCw94Vt7WYLZhTFc5kS3Z0GubsleFe2xzuQ&amp;owa=outlook.live.com&amp;isc=1\" width=\"398\" height=\"265\" \/><\/p>\n<p>&nbsp;<\/p>\n<ul>\n<li><strong>Los colonos refirieron que han sido relegados por las actuales autoridades, por lo que conf\u00edan en que se trabajar\u00e1 de la mano con esta nueva Legislatura.<\/strong><\/li>\n<\/ul>\n<p>&nbsp;<\/p>\n<p><strong>Morelia, Michoac\u00e1n, 15 de junio de 2018.-<\/strong> Tercera Esperanza en una de las colonias con m\u00e1s carencias en cuanto a servicios b\u00e1sicos, sin embargo, ha sido olvidada por las autoridades, ya que no se han atendido las necesidades, se\u00f1al\u00f3 Bartolom\u00e9 Pasaye, habitante de este asentamiento del poniente de Morelia.<\/p>\n<p>\u201cSinceramente nos tienen relegados, prefieren ir a otros lugares y no a estos lugares donde s\u00ed requerimos los servicios m\u00e1s b\u00e1sicos\u201d.<\/p>\n<p>En un encuentro con Wilfrido L\u00e1zaro Medina, candidato del PRI a diputado federal por el Distrito 08 de Morelia, Bartolom\u00e9 indic\u00f3 que entre las principales necesidades que tienen est\u00e1 la pavimentaci\u00f3n de calles, el abasto de agua, as\u00ed como la colocaci\u00f3n del drenaje, entre otras.<\/p>\n<p>\u201cConfiamos en que el profesor Wilfrido nos va a apoyar porque es el \u00fanico candidato que ha venido a visitarnos y a ver de cerca las necesidades b\u00e1sicas; sinceramente vamos a apoyarlo para que gane este 1 de julio\u201d.<\/p>\n<p>Bartolom\u00e9 destac\u00f3 que es de gran importancia contar con el respaldo de los diputados federales en el Congreso de la Uni\u00f3n, a lo que se comprometi\u00f3 el candidato Wilfrido L\u00e1zaro, quien refiri\u00f3 que en \u00e9l tendr\u00e1n a un aliado para trabajar en conjunto por el bienestar del poniente de Morelia.<\/p>\n<p>\u201cDesde el Congreso de la Uni\u00f3n har\u00e9 las gestiones que se requieran para atender las necesidades de este Distrito, por lo que trabajar\u00e9 de cerca con ustedes para conocer lo que se requiere en \u00e9sta y otras colonias\u201d.<\/p>\n<p>Wilfrido L\u00e1zaro reiter\u00f3 a los colonos de Tercera Esperanza que trabajar\u00e1 de manera coordinada con ciudadanos y autoridades locales, estatales y federales para que Morelia y los morelianos no enfrenten necesidades.<\/p>\n","protected":false},"excerpt":{"rendered":"<p>&nbsp; Los colonos refirieron que han sido relegados por las actuales autoridades, por lo que conf\u00edan en que se trabajar\u00e1 de la mano con esta nueva Legislatura. &nbsp; Morelia, Michoac\u00e1n, 15 de junio de 2018.- Tercera Esperanza en una de las colonias con m\u00e1s carencias en cuanto a servicios b\u00e1sicos, sin embargo, ha sido olvidada [&hellip;]<\/p>\n","protected":false},"author":2,"featured_media":54264,"comment_status":"closed","ping_status":"closed","sticky":false,"template":"","format":"standard","meta":{"footnotes":""},"categories":[14,90],"tags":[],"class_list":["post-54263","post","type-post","status-publish","format-standard","has-post-thumbnail","hentry","category-destacadas","category-elecciones-2018"],"_links":{"self":[{"href":"https:\/\/radiowebmx.com\/nota\/wp-json\/wp\/v2\/posts\/54263","targetHints":{"allow":["GET"]}}],"collection":[{"href":"https:\/\/radiowebmx.com\/nota\/wp-json\/wp\/v2\/posts"}],"about":[{"href":"https:\/\/radiowebmx.com\/nota\/wp-json\/wp\/v2\/types\/post"}],"author":[{"embeddable":true,"href":"https:\/\/radiowebmx.com\/nota\/wp-json\/wp\/v2\/users\/2"}],"replies":[{"embeddable":true,"href":"https:\/\/radiowebmx.com\/nota\/wp-json\/wp\/v2\/comments?post=54263"}],"version-history":[{"count":1,"href":"https:\/\/radiowebmx.com\/nota\/wp-json\/wp\/v2\/posts\/54263\/revisions"}],"predecessor-version":[{"id":54265,"href":"https:\/\/radiowebmx.com\/nota\/wp-json\/wp\/v2\/posts\/54263\/revisions\/54265"}],"wp:featuredmedia":[{"embeddable":true,"href":"https:\/\/radiowebmx.com\/nota\/wp-json\/wp\/v2\/media\/54264"}],"wp:attachment":[{"href":"https:\/\/radiowebmx.com\/nota\/wp-json\/wp\/v2\/media?parent=54263"}],"wp:term":[{"taxonomy":"category","embeddable":true,"href":"https:\/\/radiowebmx.com\/nota\/wp-json\/wp\/v2\/categories?post=54263"},{"taxonomy":"post_tag","embeddable":true,"href":"https:\/\/radiowebmx.com\/nota\/wp-json\/wp\/v2\/tags?post=54263"}],"curies":[{"name":"wp","href":"https:\/\/api.w.org\/{rel}","templated":true}]}}