{"id":54260,"date":"2018-06-15T13:16:20","date_gmt":"2018-06-15T18:16:20","guid":{"rendered":"https:\/\/radiowebmx.com\/nota\/?p=54260"},"modified":"2018-06-15T14:18:08","modified_gmt":"2018-06-15T19:18:08","slug":"es-tiempo-de-apostar-por-la-justicia-y-seguridad-para-garantizar-la-paz-cocoa-calderon","status":"publish","type":"post","link":"https:\/\/radiowebmx.com\/nota\/es-tiempo-de-apostar-por-la-justicia-y-seguridad-para-garantizar-la-paz-cocoa-calderon\/","title":{"rendered":"Es tiempo de apostar por la justicia y seguridad para garantizar la paz: Cocoa Calder\u00f3n"},"content":{"rendered":"<p><img loading=\"lazy\" decoding=\"async\" class=\"\" src=\"https:\/\/attachment.outlook.live.net\/owa\/ultrapolitica@hotmail.com\/service.svc\/s\/GetAttachmentThumbnail?id=AQMkADAwATYwMAItODMyNi00ODU0LTAwAi0wMAoARgAAA5HawHgQuq9DrqMPu%2BRLC5sHANRV7lYdW%2FpNtd2j%2BEW2swoAAAIBDAAAANRV7lYdW%2FpNtd2j%2BEW2swoAAnS817AAAAABEgAQAFWsHtvr8VNHj0bl%2Fr9CU4c%3D&amp;thumbnailType=2&amp;X-OWA-CANARY=oCGjsnPOAEmIJalUgBUQkuCHEYf00tUY8au6UBQzuoFo80L2qcLkwe6cdg4rLFXiKFJwzV1csOw.&amp;token=eyJhbGciOiJSUzI1NiIsImtpZCI6IjA2MDBGOUY2NzQ2MjA3MzdFNzM0MDRFMjg3QzQ1QTgxOENCN0NFQjgiLCJ4NXQiOiJCZ0Q1OW5SaUJ6Zm5OQVRpaDhSYWdZeTN6cmciLCJ0eXAiOiJKV1QifQ.eyJ2ZXIiOiJFeGNoYW5nZS5DYWxsYmFjay5WMSIsImFwcGN0eHNlbmRlciI6Ik93YURvd25sb2FkQDg0ZGY5ZTdmLWU5ZjYtNDBhZi1iNDM1LWFhYWFhYWFhYWFhYSIsImFwcGN0eCI6IntcIm1zZXhjaHByb3RcIjpcIm93YVwiLFwicHJpbWFyeXNpZFwiOlwiUy0xLTI4MjctMzkzMjE2LTIyMDAzMjQxODBcIixcInB1aWRcIjpcIjE2ODg4NTIwNjA1ODgxMTZcIixcIm9pZFwiOlwiMDAwNjAwMDAtODMyNi00ODU0LTAwMDAtMDAwMDAwMDAwMDAwXCIsXCJzY29wZVwiOlwiT3dhRG93bmxvYWRcIn0iLCJuYmYiOjE1MjkwODk5NTAsImV4cCI6MTUyOTA5MDU1MCwiaXNzIjoiMDAwMDAwMDItMDAwMC0wZmYxLWNlMDAtMDAwMDAwMDAwMDAwQDg0ZGY5ZTdmLWU5ZjYtNDBhZi1iNDM1LWFhYWFhYWFhYWFhYSIsImF1ZCI6IjAwMDAwMDAyLTAwMDAtMGZmMS1jZTAwLTAwMDAwMDAwMDAwMC9hdHRhY2htZW50Lm91dGxvb2subGl2ZS5uZXRAODRkZjllN2YtZTlmNi00MGFmLWI0MzUtYWFhYWFhYWFhYWFhIn0.NpXPpgixoi66rI6vwEsGDX77k5Xj0yRitgKzP4Jiq3pmHXqASZHELPVnBOj5Nbbv4NOSzg--u_CUN3BdtIules47Nu7EuGx5H2TV8u7fFdQpowoxwFJ1ca7b8lyV_vVpPkuMxrbkC9jo5l_Q3483ZMGAS2gCQO6KK-8K40KiVLfQCZVx-ZlAwc7QHspl8tkvGdmlhgGRCKkptgjrPQMGhEccEfh6MCxIjja6YWB3PzKSAuIEBfwT6I7B0v93khNbiLMLHWSuyoSo1vLceZLOwXGu7_0gZ6P3xqo6vyuzOCfqBi2dPjvi75bbxn3Tg-QHt7gtM7dKRUQjKlaT8bZIMg&amp;owa=outlook.live.com&amp;isc=1\" width=\"399\" height=\"266\" \/><\/p>\n<p>&nbsp;<\/p>\n<p class=\"x_MsoNormal\">Morelia, Michoac\u00e1n a 15 de junio de 2018<i>.<\/i>\u00a0\u00a0Los Morelianos merecemos un ambiente de paz y seguridad, un ambiente que nos garantice tranquilidad familiar, pero sobre todo que genere certidumbre, as\u00ed lo manifest\u00f3 la Candidata Independiente a Diputada Federal por el Distrito 10 de Morelia, Luisa Mar\u00eda Calder\u00f3n \u201cCocoa\u201d luego de lanzar un llamado a la ciudadan\u00eda para que sea el respeto y la dignidad de todos,\u00a0\u00a0los valores que enarbolen la causa ciudadana de nuestro estado y pa\u00eds.<\/p>\n<p class=\"x_MsoNormal\">La candidata Independiente manifest\u00f3 que no se puede ser indiferentes y permanecer pasivos ante actos que violentan la paz \u201ccreo que a nadie le conviene tener una sociedad dividida por el odio, es tiempo de reconciliar, de construir juntos en comunidad,\u00a0\u00a0y yo me he comprometido con diversos sectores de Morelia, a ser su aliada en la construcci\u00f3n de paz y en la garant\u00eda de generar justicia, de la mano con las autoridades en turno\u201d afirm\u00f3.<\/p>\n<p class=\"x_MsoNormal\">De esta manera, Calder\u00f3n Hinojosa llam\u00f3 a los ciudadanos a\u00a0\u00a0ejercer un voto libre y de conciencia, que sirva para tener un congreso fuerte y representativo, \u201cque nadie les diga por quien votar, voten por las personas, por las historias, por las trayectorias y proyectos, en esta elecci\u00f3n en sus manos tendr\u00e1n 5 boletas, yo estoy en la de Diputados Federales como \u201cCocoa\u201d Candidata Independiente\u201d se\u00f1al\u00f3.<\/p>\n<p class=\"x_MsoNormal\">As\u00ed mismo,\u00a0\u00a0manifest\u00f3 una vez que la ciudadan\u00eda le refrende en triunfo en las urnas el pr\u00f3ximo primero de julio, se enfocar\u00e1 en trabajar y colaborar con las autoridades para promover valores, actitudes y comportamientos que propicien en la ciudadan\u00eda una cultura de paz e impulsar proyectos y acciones a favor de la paz.<\/p>\n<p>&nbsp;<\/p>\n<p><img loading=\"lazy\" decoding=\"async\" class=\"\" src=\"https:\/\/attachment.outlook.live.net\/owa\/ultrapolitica@hotmail.com\/service.svc\/s\/GetAttachmentThumbnail?id=AQMkADAwATYwMAItODMyNi00ODU0LTAwAi0wMAoARgAAA5HawHgQuq9DrqMPu%2BRLC5sHANRV7lYdW%2FpNtd2j%2BEW2swoAAAIBDAAAANRV7lYdW%2FpNtd2j%2BEW2swoAAnS817AAAAABEgAQAIyNBKeyMCJDkooc%2Bmv6jIg%3D&amp;thumbnailType=2&amp;X-OWA-CANARY=oCGjsnPOAEmIJalUgBUQkuCHEYf00tUY8au6UBQzuoFo80L2qcLkwe6cdg4rLFXiKFJwzV1csOw.&amp;token=eyJhbGciOiJSUzI1NiIsImtpZCI6IjA2MDBGOUY2NzQ2MjA3MzdFNzM0MDRFMjg3QzQ1QTgxOENCN0NFQjgiLCJ4NXQiOiJCZ0Q1OW5SaUJ6Zm5OQVRpaDhSYWdZeTN6cmciLCJ0eXAiOiJKV1QifQ.eyJ2ZXIiOiJFeGNoYW5nZS5DYWxsYmFjay5WMSIsImFwcGN0eHNlbmRlciI6Ik93YURvd25sb2FkQDg0ZGY5ZTdmLWU5ZjYtNDBhZi1iNDM1LWFhYWFhYWFhYWFhYSIsImFwcGN0eCI6IntcIm1zZXhjaHByb3RcIjpcIm93YVwiLFwicHJpbWFyeXNpZFwiOlwiUy0xLTI4MjctMzkzMjE2LTIyMDAzMjQxODBcIixcInB1aWRcIjpcIjE2ODg4NTIwNjA1ODgxMTZcIixcIm9pZFwiOlwiMDAwNjAwMDAtODMyNi00ODU0LTAwMDAtMDAwMDAwMDAwMDAwXCIsXCJzY29wZVwiOlwiT3dhRG93bmxvYWRcIn0iLCJuYmYiOjE1MjkwODk5NTAsImV4cCI6MTUyOTA5MDU1MCwiaXNzIjoiMDAwMDAwMDItMDAwMC0wZmYxLWNlMDAtMDAwMDAwMDAwMDAwQDg0ZGY5ZTdmLWU5ZjYtNDBhZi1iNDM1LWFhYWFhYWFhYWFhYSIsImF1ZCI6IjAwMDAwMDAyLTAwMDAtMGZmMS1jZTAwLTAwMDAwMDAwMDAwMC9hdHRhY2htZW50Lm91dGxvb2subGl2ZS5uZXRAODRkZjllN2YtZTlmNi00MGFmLWI0MzUtYWFhYWFhYWFhYWFhIn0.NpXPpgixoi66rI6vwEsGDX77k5Xj0yRitgKzP4Jiq3pmHXqASZHELPVnBOj5Nbbv4NOSzg--u_CUN3BdtIules47Nu7EuGx5H2TV8u7fFdQpowoxwFJ1ca7b8lyV_vVpPkuMxrbkC9jo5l_Q3483ZMGAS2gCQO6KK-8K40KiVLfQCZVx-ZlAwc7QHspl8tkvGdmlhgGRCKkptgjrPQMGhEccEfh6MCxIjja6YWB3PzKSAuIEBfwT6I7B0v93khNbiLMLHWSuyoSo1vLceZLOwXGu7_0gZ6P3xqo6vyuzOCfqBi2dPjvi75bbxn3Tg-QHt7gtM7dKRUQjKlaT8bZIMg&amp;owa=outlook.live.com&amp;isc=1\" width=\"399\" height=\"266\" \/><\/p>\n","protected":false},"excerpt":{"rendered":"<p>&nbsp; Morelia, Michoac\u00e1n a 15 de junio de 2018.\u00a0\u00a0Los Morelianos merecemos un ambiente de paz y seguridad, un ambiente que nos garantice tranquilidad familiar, pero sobre todo que genere certidumbre, as\u00ed lo manifest\u00f3 la Candidata Independiente a Diputada Federal por el Distrito 10 de Morelia, Luisa Mar\u00eda Calder\u00f3n \u201cCocoa\u201d luego de lanzar un llamado a [&hellip;]<\/p>\n","protected":false},"author":2,"featured_media":54261,"comment_status":"closed","ping_status":"closed","sticky":false,"template":"","format":"standard","meta":{"footnotes":""},"categories":[14,90],"tags":[],"class_list":["post-54260","post","type-post","status-publish","format-standard","has-post-thumbnail","hentry","category-destacadas","category-elecciones-2018"],"_links":{"self":[{"href":"https:\/\/radiowebmx.com\/nota\/wp-json\/wp\/v2\/posts\/54260","targetHints":{"allow":["GET"]}}],"collection":[{"href":"https:\/\/radiowebmx.com\/nota\/wp-json\/wp\/v2\/posts"}],"about":[{"href":"https:\/\/radiowebmx.com\/nota\/wp-json\/wp\/v2\/types\/post"}],"author":[{"embeddable":true,"href":"https:\/\/radiowebmx.com\/nota\/wp-json\/wp\/v2\/users\/2"}],"replies":[{"embeddable":true,"href":"https:\/\/radiowebmx.com\/nota\/wp-json\/wp\/v2\/comments?post=54260"}],"version-history":[{"count":1,"href":"https:\/\/radiowebmx.com\/nota\/wp-json\/wp\/v2\/posts\/54260\/revisions"}],"predecessor-version":[{"id":54262,"href":"https:\/\/radiowebmx.com\/nota\/wp-json\/wp\/v2\/posts\/54260\/revisions\/54262"}],"wp:featuredmedia":[{"embeddable":true,"href":"https:\/\/radiowebmx.com\/nota\/wp-json\/wp\/v2\/media\/54261"}],"wp:attachment":[{"href":"https:\/\/radiowebmx.com\/nota\/wp-json\/wp\/v2\/media?parent=54260"}],"wp:term":[{"taxonomy":"category","embeddable":true,"href":"https:\/\/radiowebmx.com\/nota\/wp-json\/wp\/v2\/categories?post=54260"},{"taxonomy":"post_tag","embeddable":true,"href":"https:\/\/radiowebmx.com\/nota\/wp-json\/wp\/v2\/tags?post=54260"}],"curies":[{"name":"wp","href":"https:\/\/api.w.org\/{rel}","templated":true}]}}