{"id":54257,"date":"2018-06-14T15:12:49","date_gmt":"2018-06-14T20:12:49","guid":{"rendered":"https:\/\/radiowebmx.com\/nota\/?p=54257"},"modified":"2018-06-15T14:16:02","modified_gmt":"2018-06-15T19:16:02","slug":"vamos-a-ganar-con-propuestas-no-con-despensas-carlos-quintana","status":"publish","type":"post","link":"https:\/\/radiowebmx.com\/nota\/vamos-a-ganar-con-propuestas-no-con-despensas-carlos-quintana\/","title":{"rendered":"Vamos a ganar con propuestas, no con despensas: Carlos Quintana"},"content":{"rendered":"<p><strong>Morelia, Michoac\u00e1n<\/strong>.- Los\u00a0<strong>candidatos<\/strong>\u00a0no pueden seguir\u00a0<strong>aprovech\u00e1ndose<\/strong>\u00a0de las\u00a0<strong>necesidades<\/strong>\u00a0de los<strong>\u00a0morelianos<\/strong>, es nuestra obligaci\u00f3n trabajar en<strong>\u00a0pol\u00edticas p\u00fablicas<\/strong>, no s\u00f3lo durante las campa\u00f1as, afirm\u00f3\u00a0<strong>Carlos Quintana<\/strong>\u00a0Mart\u00ednez, candidato a la presidencia municipal de la coalici\u00f3n \u201cPor Morelia al Frente\u201d, durante un recorrido en la colonia\u00a0<strong>La Esperanza<\/strong>.<\/p>\n<p>\u201cLos morelianos no pueden seguir votando por necesidad, por una despensa, venimos a\u00a0<strong>convencer<\/strong>\u00a0con propuestas que generar\u00e1n oportunidades y cambios a largo plazo para todo Morelia, que est\u00e1 abandonado por completo\u201d, expres\u00f3.<\/p>\n<p>Se\u00f1al\u00f3 que en estas colonias que se encuentran abandonadas por la actual\u00a0<strong>administraci\u00f3n independiente<\/strong>, es donde se debe poner especial atenci\u00f3n para brindar servicios p\u00fablicos de calidad,\u00a0<strong>seguridad<\/strong>\u00a0y\u00a0<strong>generaci\u00f3n de empleo<\/strong>, debido a que m\u00e1s de 66 mil morelianos no cuentan con un trabajo y con ello, 45 mil no cuentan con ingresos para comer diariamente.<\/p>\n<p>\u201cVemos aqu\u00ed c\u00f3mo hay zonas totalmente destrozadas, es el otro Morelia, el que mucha gente no ve y est\u00e1\u00a0<strong>abandonado<\/strong>, al que le hace falta mantenimiento y donde vive la gente que m\u00e1s necesita en estos momentos\u201d, puntualiz\u00f3.<\/p>\n<p>Quintana Mart\u00ednez manifest\u00f3 que se encuentra listo para gobernar Morelia a partir del primero de septiembre y transformar de manera positiva el municipio, con la<strong>atracci\u00f3n de inversi\u00f3n<\/strong>\u00a0para detonar el empleo y gesti\u00f3n de recursos para eficientar las estrategias de seguridad, adem\u00e1s del cambio al 100 por ciento de las luminarias y la\u00a0<strong>rehabilitaci\u00f3n<\/strong>\u00a0de las\u00a0<strong>redes de agua<\/strong>.<\/p>\n<p>\u201cTendremos que poner de nuestra parte para que est\u00e9n en condiciones iguales y oportunidades a las otras colonias, tenemos que reducir esa brecha de desigualdad que hay entre una y otra colonias\u201d, indic\u00f3.<\/p>\n<p>Asimismo, el candidato frentista asever\u00f3 que el tema de los\u00a0<strong>asentamientos irregulares<\/strong>\u00a0se tendr\u00e1 que trabajar en conjunto, escuchando a los habitantes para tener la\u00a0<strong>mejor propuesta<\/strong>.<\/p>\n<p>\u201cTenemos que poner orden e ir trabajando de la mano con ellos para resolver \u00e9sta problem\u00e1tica y buscar las mejores alternativas en beneficio de las dos partes\u201d,<\/p>\n<p>Al recorrer estas colonias ubicadas en la zona noroeste de Morelia, los vecinos denunciaron la necesidad urgente de tener\u00a0<strong>vialidades accesibles<\/strong>\u00a0ante\u00a0<strong>emergencias<\/strong>, adem\u00e1s de servicios p\u00fablicos de calidad y una polic\u00eda eficiente y cercana, ante esta solicitud, el candidato de la coalici\u00f3n perredista, panista y emecista se comprometi\u00f3 a trabajar en conjunto con la ciudadan\u00eda y con un gobierno municipal de puertas abiertas, al ser favorecido con el voto el primero de julio.<\/p>\n<p>&nbsp;<\/p>\n","protected":false},"excerpt":{"rendered":"<p>Morelia, Michoac\u00e1n.- Los\u00a0candidatos\u00a0no pueden seguir\u00a0aprovech\u00e1ndose\u00a0de las\u00a0necesidades\u00a0de los\u00a0morelianos, es nuestra obligaci\u00f3n trabajar en\u00a0pol\u00edticas p\u00fablicas, no s\u00f3lo durante las campa\u00f1as, afirm\u00f3\u00a0Carlos Quintana\u00a0Mart\u00ednez, candidato a la presidencia municipal de la coalici\u00f3n \u201cPor Morelia al Frente\u201d, durante un recorrido en la colonia\u00a0La Esperanza. \u201cLos morelianos no pueden seguir votando por necesidad, por una despensa, venimos a\u00a0convencer\u00a0con propuestas que generar\u00e1n [&hellip;]<\/p>\n","protected":false},"author":2,"featured_media":54258,"comment_status":"closed","ping_status":"closed","sticky":false,"template":"","format":"standard","meta":{"footnotes":""},"categories":[14,90],"tags":[],"class_list":["post-54257","post","type-post","status-publish","format-standard","has-post-thumbnail","hentry","category-destacadas","category-elecciones-2018"],"_links":{"self":[{"href":"https:\/\/radiowebmx.com\/nota\/wp-json\/wp\/v2\/posts\/54257","targetHints":{"allow":["GET"]}}],"collection":[{"href":"https:\/\/radiowebmx.com\/nota\/wp-json\/wp\/v2\/posts"}],"about":[{"href":"https:\/\/radiowebmx.com\/nota\/wp-json\/wp\/v2\/types\/post"}],"author":[{"embeddable":true,"href":"https:\/\/radiowebmx.com\/nota\/wp-json\/wp\/v2\/users\/2"}],"replies":[{"embeddable":true,"href":"https:\/\/radiowebmx.com\/nota\/wp-json\/wp\/v2\/comments?post=54257"}],"version-history":[{"count":1,"href":"https:\/\/radiowebmx.com\/nota\/wp-json\/wp\/v2\/posts\/54257\/revisions"}],"predecessor-version":[{"id":54259,"href":"https:\/\/radiowebmx.com\/nota\/wp-json\/wp\/v2\/posts\/54257\/revisions\/54259"}],"wp:featuredmedia":[{"embeddable":true,"href":"https:\/\/radiowebmx.com\/nota\/wp-json\/wp\/v2\/media\/54258"}],"wp:attachment":[{"href":"https:\/\/radiowebmx.com\/nota\/wp-json\/wp\/v2\/media?parent=54257"}],"wp:term":[{"taxonomy":"category","embeddable":true,"href":"https:\/\/radiowebmx.com\/nota\/wp-json\/wp\/v2\/categories?post=54257"},{"taxonomy":"post_tag","embeddable":true,"href":"https:\/\/radiowebmx.com\/nota\/wp-json\/wp\/v2\/tags?post=54257"}],"curies":[{"name":"wp","href":"https:\/\/api.w.org\/{rel}","templated":true}]}}