{"id":54254,"date":"2018-06-15T13:46:15","date_gmt":"2018-06-15T18:46:15","guid":{"rendered":"https:\/\/radiowebmx.com\/nota\/?p=54254"},"modified":"2018-06-15T14:05:37","modified_gmt":"2018-06-15T19:05:37","slug":"generaremos-certeza-para-el-desarrollo-economico-e-integral-de-morelia-raul-moron","status":"publish","type":"post","link":"https:\/\/radiowebmx.com\/nota\/generaremos-certeza-para-el-desarrollo-economico-e-integral-de-morelia-raul-moron\/","title":{"rendered":"Generaremos certeza para el desarrollo econ\u00f3mico e integral de Morelia: Ra\u00fal Mor\u00f3n"},"content":{"rendered":"<p><strong>Morelia, Michoac\u00e1n<\/strong>.- El\u00a0<strong>desarrollo<\/strong>\u00a0econ\u00f3mico, integral e incluyente de Morelia no s\u00f3lo est\u00e1 garantizado para el gobierno municipal que encabezaremos, sino que adem\u00e1s ser\u00e1 incentivado, fortalecido y potenciado con el respaldo que tendr\u00e1 con el pr\u00f3ximo gobierno de la Rep\u00fablica, que encabezar\u00e1\u00a0<strong>Andr\u00e9s Manuel L\u00f3pez Obrador<\/strong>, remarc\u00f3\u00a0<strong>Ra\u00fal Mor\u00f3n Orozco<\/strong>,\u00a0<strong>candidato<\/strong>\u00a0a la presidencia municipal por la coalici\u00f3n \u201cJuntos Haremos Historia\u201d.<\/p>\n<p>Al sostener un encuentro con empresarios socialmente comprometidos con el medio ambiente, en donde lo acompa\u00f1\u00f3 la\u00a0<strong>candidata<\/strong>\u00a0a s\u00edndico, Labinia Aranda, Ra\u00fal Mor\u00f3n destac\u00f3 que para generar este crecimiento econ\u00f3mico que tanto necesita la capital del estado, explic\u00f3, se requiere atender de manera integral una serie de factores que har\u00e1n sinergia para brindar certeza y seguridad a la atracci\u00f3n y consolidaci\u00f3n de inversiones para la creaci\u00f3n de empleos.<\/p>\n<p>Para contar con m\u00e1s inversiones y tambi\u00e9n emprendimiento, y con ello la reactivaci\u00f3n y potenciaci\u00f3n de la econom\u00eda local, nosotros estamos convencidos de que tenemos que las generar condiciones necesarias, indic\u00f3 Mor\u00f3n Orozco.<\/p>\n<p>Una de estas condiciones tiene que ver con la seguridad p\u00fablica, la cual se ha deteriorado por la falta de cooperaci\u00f3n por la actual administraci\u00f3n, y que ha afectado a las peque\u00f1as y medianas empresas, a los\u00a0<strong>comercios<\/strong>\u00a0y a la sociedad en general.<\/p>\n<p>En este sentido explic\u00f3 que el gobierno que encabezar\u00e1 apostar\u00e1 a la coordinaci\u00f3n plena, la capacitaci\u00f3n y profesionalizaci\u00f3n permanente de los cuerpos policiacos, la prevenci\u00f3n del delito y la seguridad ciudadana desde las colonias y barrios de Morelia, para frenar la inseguridad y que este deje de ser un freno para la inversi\u00f3n en la capital del estado.<\/p>\n<p>Tambi\u00e9n mejoraremos, dentro de lo que corresponde al \u00e1mbito municipal, los mecanismos para agilizar la atracci\u00f3n de\u00a0<strong>inversiones<\/strong>\u00a0e instalaci\u00f3n de\u00a0<strong>empresas<\/strong>; reactivaremos la Ciudad Industrial de Morelia; Incentivaremos la instalaci\u00f3n de micros, peque\u00f1as y medianas empresas, simplificando los tr\u00e1mites para que puedan operar con mayor agilidad y rapidez.<\/p>\n<p>El candidato de Morena y el PT explic\u00f3 que dado que la corrupci\u00f3n es un problema que afecta de manera transversal la operatividad de cualquier gobierno, y con ello se frena tambi\u00e9n el desarrollo y genera incertidumbre, asegur\u00f3 que se combatir\u00e1 de manera frontal; al erradicar la corrupci\u00f3n, habr\u00e1 m\u00e1s recursos para la mejora de servicios p\u00fablicos e infraestructura municipal y en consecuencia tambi\u00e9n habr\u00e1 mayor certeza y Morelia ser\u00e1 m\u00e1s atractivo para invertir.<\/p>\n<p>Con nosotros, dijo el candidato de Andr\u00e9s Manuel L\u00f3pez Obrador para Morelia, habr\u00e1 transparencia, austeridad, saneamiento de las finanzas y manejo responsable de los recursos de los morelianos; es decir, remarc\u00f3, tendremos un gobierno eficiente, que d\u00e9 un uso adecuado a los dineros y que reduzca y desaparezca los gastos innecesarios y los lujos con que han vivido hasta el actual gobierno.<\/p>\n<p>La certeza, remarc\u00f3 Ra\u00fal Mor\u00f3n Orozco, no se genera con discursos ni cartas de buenas intenciones, sino con compromisos y rutas claras que de manera integral inciden en la confianza de los ciudadanos hacia las instituciones, y con esto generar tambi\u00e9n un clima de confianza para la consolidaci\u00f3n de m\u00e1s fuentes de empleo.<\/p>\n<p>De manera adicional dijo que para alcanzar este objetivo tambi\u00e9n ser\u00e1 fundamental el respaldo que se tendr\u00e1 desde el gobierno federal con Andr\u00e9s Manuel L\u00f3pez Obrador a la cabeza, donde el eje toral es la lucha contrala corrupci\u00f3n, aspecto que no ha dejado avanzar al pa\u00eds, por la gran cantidad de recursos que se pierden por esa causa, recursos que ser\u00e1n invertidos en la mejora de la calidad de vida de todos.<\/p>\n","protected":false},"excerpt":{"rendered":"<p>Morelia, Michoac\u00e1n.- El\u00a0desarrollo\u00a0econ\u00f3mico, integral e incluyente de Morelia no s\u00f3lo est\u00e1 garantizado para el gobierno municipal que encabezaremos, sino que adem\u00e1s ser\u00e1 incentivado, fortalecido y potenciado con el respaldo que tendr\u00e1 con el pr\u00f3ximo gobierno de la Rep\u00fablica, que encabezar\u00e1\u00a0Andr\u00e9s Manuel L\u00f3pez Obrador, remarc\u00f3\u00a0Ra\u00fal Mor\u00f3n Orozco,\u00a0candidato\u00a0a la presidencia municipal por la coalici\u00f3n \u201cJuntos Haremos Historia\u201d. [&hellip;]<\/p>\n","protected":false},"author":2,"featured_media":54255,"comment_status":"closed","ping_status":"closed","sticky":false,"template":"","format":"standard","meta":{"footnotes":""},"categories":[14,90],"tags":[],"class_list":["post-54254","post","type-post","status-publish","format-standard","has-post-thumbnail","hentry","category-destacadas","category-elecciones-2018"],"_links":{"self":[{"href":"https:\/\/radiowebmx.com\/nota\/wp-json\/wp\/v2\/posts\/54254","targetHints":{"allow":["GET"]}}],"collection":[{"href":"https:\/\/radiowebmx.com\/nota\/wp-json\/wp\/v2\/posts"}],"about":[{"href":"https:\/\/radiowebmx.com\/nota\/wp-json\/wp\/v2\/types\/post"}],"author":[{"embeddable":true,"href":"https:\/\/radiowebmx.com\/nota\/wp-json\/wp\/v2\/users\/2"}],"replies":[{"embeddable":true,"href":"https:\/\/radiowebmx.com\/nota\/wp-json\/wp\/v2\/comments?post=54254"}],"version-history":[{"count":1,"href":"https:\/\/radiowebmx.com\/nota\/wp-json\/wp\/v2\/posts\/54254\/revisions"}],"predecessor-version":[{"id":54256,"href":"https:\/\/radiowebmx.com\/nota\/wp-json\/wp\/v2\/posts\/54254\/revisions\/54256"}],"wp:featuredmedia":[{"embeddable":true,"href":"https:\/\/radiowebmx.com\/nota\/wp-json\/wp\/v2\/media\/54255"}],"wp:attachment":[{"href":"https:\/\/radiowebmx.com\/nota\/wp-json\/wp\/v2\/media?parent=54254"}],"wp:term":[{"taxonomy":"category","embeddable":true,"href":"https:\/\/radiowebmx.com\/nota\/wp-json\/wp\/v2\/categories?post=54254"},{"taxonomy":"post_tag","embeddable":true,"href":"https:\/\/radiowebmx.com\/nota\/wp-json\/wp\/v2\/tags?post=54254"}],"curies":[{"name":"wp","href":"https:\/\/api.w.org\/{rel}","templated":true}]}}