{"id":54248,"date":"2018-06-14T18:09:57","date_gmt":"2018-06-14T23:09:57","guid":{"rendered":"https:\/\/radiowebmx.com\/nota\/?p=54248"},"modified":"2018-06-15T12:18:08","modified_gmt":"2018-06-15T17:18:08","slug":"fausto-vallejo-figueroa-el-unico-candidato-con-la-camiseta-tatuada-de-morelia-vecinos-de-la-obrera","status":"publish","type":"post","link":"https:\/\/radiowebmx.com\/nota\/fausto-vallejo-figueroa-el-unico-candidato-con-la-camiseta-tatuada-de-morelia-vecinos-de-la-obrera\/","title":{"rendered":"Fausto Vallejo Figueroa, el \u00fanico candidato con la camiseta tatuada de Morelia: vecinos de La Obrera"},"content":{"rendered":"<p><img loading=\"lazy\" decoding=\"async\" class=\"\" src=\"https:\/\/attachment.outlook.live.net\/owa\/ultrapolitica@hotmail.com\/service.svc\/s\/GetAttachmentThumbnail?id=AQMkADAwATYwMAItODMyNi00ODU0LTAwAi0wMAoARgAAA5HawHgQuq9DrqMPu%2BRLC5sHANRV7lYdW%2FpNtd2j%2BEW2swoAAAIBDAAAANRV7lYdW%2FpNtd2j%2BEW2swoAAnS816YAAAABEgAQANLQaRerfAZArffeKwkf5sk%3D&amp;thumbnailType=2&amp;X-OWA-CANARY=G3Hg_FAdIkyRg9klwl3GtDCjDcnj0tUYRdp6AjTyx3YAQQ5bdZ1JirZPNDsdX8OqKNvcA7yyMdU.&amp;token=eyJhbGciOiJSUzI1NiIsImtpZCI6IjA2MDBGOUY2NzQ2MjA3MzdFNzM0MDRFMjg3QzQ1QTgxOENCN0NFQjgiLCJ4NXQiOiJCZ0Q1OW5SaUJ6Zm5OQVRpaDhSYWdZeTN6cmciLCJ0eXAiOiJKV1QifQ.eyJ2ZXIiOiJFeGNoYW5nZS5DYWxsYmFjay5WMSIsImFwcGN0eHNlbmRlciI6Ik93YURvd25sb2FkQDg0ZGY5ZTdmLWU5ZjYtNDBhZi1iNDM1LWFhYWFhYWFhYWFhYSIsImFwcGN0eCI6IntcIm1zZXhjaHByb3RcIjpcIm93YVwiLFwicHJpbWFyeXNpZFwiOlwiUy0xLTI4MjctMzkzMjE2LTIyMDAzMjQxODBcIixcInB1aWRcIjpcIjE2ODg4NTIwNjA1ODgxMTZcIixcIm9pZFwiOlwiMDAwNjAwMDAtODMyNi00ODU0LTAwMDAtMDAwMDAwMDAwMDAwXCIsXCJzY29wZVwiOlwiT3dhRG93bmxvYWRcIn0iLCJuYmYiOjE1MjkwODI5NDUsImV4cCI6MTUyOTA4MzU0NSwiaXNzIjoiMDAwMDAwMDItMDAwMC0wZmYxLWNlMDAtMDAwMDAwMDAwMDAwQDg0ZGY5ZTdmLWU5ZjYtNDBhZi1iNDM1LWFhYWFhYWFhYWFhYSIsImF1ZCI6IjAwMDAwMDAyLTAwMDAtMGZmMS1jZTAwLTAwMDAwMDAwMDAwMC9hdHRhY2htZW50Lm91dGxvb2subGl2ZS5uZXRAODRkZjllN2YtZTlmNi00MGFmLWI0MzUtYWFhYWFhYWFhYWFhIn0.jMp50bnUvOotGEsqsUffOblR02GTiXjyNpmu2dFqiE4ENSbkWHUiGYg4jKpa8K5HlQFlGdQQ6CfO58Z6NY_nX3AGYWrNdEc7WHH0QGL6tpl7DXVwhCBgWQDUNdF4sorDelZ5eUDTTm8vMWUthbWJPwxwCcH0RbmkribX8SYmGKXYLEtz68dp6tcb-0h8kc8gcuiOhgz0Q34XCmqjWzis2KFo4Fqhmrq4E-tg6Xwk7n2G3YXnIM959qRqDsnMOEjFPODoswKzwQP7hfNWTZDM7XTy47Swdc65XnAAhMZlnsrxQOHYrRJOt7uG_8xgWBstFJVjexudIle0jTjYrl0JPA&amp;owa=outlook.live.com&amp;isc=1\" width=\"399\" height=\"266\" \/><\/p>\n<p>&nbsp;<\/p>\n<ul>\n<li><strong>Un centro cultural que d\u00e9 servicio a este asentamiento, as\u00ed como a la Independencia e Isaac Arriaga uno de los compromisos del ex gobernador<\/strong><\/li>\n<\/ul>\n<p><b>Morelia, Mich., a 14 de junio de 2018.-<\/b>\u00a0\u201cFausto es el \u00fanico que trae la camiseta tatuada de Morelia\u201d as\u00ed se lo expresaron los vecinos de la colonia Obrera al candidato del Partido Encuentro Social (PES) Fausto Vallejo Figueroa quienes le refrendaron su total apoyo, ya que s\u00f3lo \u00e9l en verdad ayuda a la ciudadan\u00eda.<\/p>\n<p>En un encuentro con vecinos de dicho asentamiento urbano, ciudadanos expresaron que en estas elecciones el pueblo ya no votar\u00e1 por los colores o por un partido pol\u00edtico, sino que lo har\u00e1 por el candidato que representa la mejor opci\u00f3n para el municipio y para Morelia, dijeron, es el cuatro veces alcalde, el cual encabeza al mejor proyecto ya que ha demostrado en sus anteriores administraciones que sabe sumar para el bienestar com\u00fan.<\/p>\n<p>\u201cVale m\u00e1s una persona que sigue siempre sus ideales, que otra persona que cada trienio est\u00e1 cambiando de colores y camisetas, el licenciado Fausto Vallejo lleva tatuada la camisa de Morelia igual que muchos de nosotros\u201d, dijeron vecinos de una de las colonias con m\u00e1s arraigo en la ciudad.<\/p>\n<p>En este sentido, el candidato del PES agradeci\u00f3 el sentir de los colonos; les dijo que el nuevo gobierno capitalino ser\u00e1 uno de rostro humano que siempre tendr\u00e1 las puertas abiertas para el servir de todos los ciudadanos, no como ahora que el presidente independiente cerr\u00f3<\/p>\n<p>Para el caso especifico de la Obrera, el ex gobernador refiri\u00f3 que se habr\u00e1 de trabajar en resolver las problem\u00e1ticas que tiene como lo son la falta de agua y la inseguridad. Adem\u00e1s adelant\u00f3 que se habr\u00e1 de erigir un centro cultural en el cual los j\u00f3venes de las colonias Obrera, Independencia e Isaac Arriaga habr\u00e1n de tener actividades que los alejen de las calles, drogas y la delincuencia.<\/p>\n","protected":false},"excerpt":{"rendered":"<p>&nbsp; Un centro cultural que d\u00e9 servicio a este asentamiento, as\u00ed como a la Independencia e Isaac Arriaga uno de los compromisos del ex gobernador Morelia, Mich., a 14 de junio de 2018.-\u00a0\u201cFausto es el \u00fanico que trae la camiseta tatuada de Morelia\u201d as\u00ed se lo expresaron los vecinos de la colonia Obrera al candidato [&hellip;]<\/p>\n","protected":false},"author":2,"featured_media":54249,"comment_status":"closed","ping_status":"closed","sticky":false,"template":"","format":"standard","meta":{"footnotes":""},"categories":[14,90],"tags":[],"class_list":["post-54248","post","type-post","status-publish","format-standard","has-post-thumbnail","hentry","category-destacadas","category-elecciones-2018"],"_links":{"self":[{"href":"https:\/\/radiowebmx.com\/nota\/wp-json\/wp\/v2\/posts\/54248","targetHints":{"allow":["GET"]}}],"collection":[{"href":"https:\/\/radiowebmx.com\/nota\/wp-json\/wp\/v2\/posts"}],"about":[{"href":"https:\/\/radiowebmx.com\/nota\/wp-json\/wp\/v2\/types\/post"}],"author":[{"embeddable":true,"href":"https:\/\/radiowebmx.com\/nota\/wp-json\/wp\/v2\/users\/2"}],"replies":[{"embeddable":true,"href":"https:\/\/radiowebmx.com\/nota\/wp-json\/wp\/v2\/comments?post=54248"}],"version-history":[{"count":1,"href":"https:\/\/radiowebmx.com\/nota\/wp-json\/wp\/v2\/posts\/54248\/revisions"}],"predecessor-version":[{"id":54250,"href":"https:\/\/radiowebmx.com\/nota\/wp-json\/wp\/v2\/posts\/54248\/revisions\/54250"}],"wp:featuredmedia":[{"embeddable":true,"href":"https:\/\/radiowebmx.com\/nota\/wp-json\/wp\/v2\/media\/54249"}],"wp:attachment":[{"href":"https:\/\/radiowebmx.com\/nota\/wp-json\/wp\/v2\/media?parent=54248"}],"wp:term":[{"taxonomy":"category","embeddable":true,"href":"https:\/\/radiowebmx.com\/nota\/wp-json\/wp\/v2\/categories?post=54248"},{"taxonomy":"post_tag","embeddable":true,"href":"https:\/\/radiowebmx.com\/nota\/wp-json\/wp\/v2\/tags?post=54248"}],"curies":[{"name":"wp","href":"https:\/\/api.w.org\/{rel}","templated":true}]}}