{"id":54245,"date":"2018-06-15T11:50:57","date_gmt":"2018-06-15T16:50:57","guid":{"rendered":"https:\/\/radiowebmx.com\/nota\/?p=54245"},"modified":"2018-06-15T11:50:57","modified_gmt":"2018-06-15T16:50:57","slug":"postulan-a-michoacan-como-sede-de-la-convencion-nacional-de-la-canacintra-2019","status":"publish","type":"post","link":"https:\/\/radiowebmx.com\/nota\/postulan-a-michoacan-como-sede-de-la-convencion-nacional-de-la-canacintra-2019\/","title":{"rendered":"Postulan a Michoac\u00e1n como sede de la Convenci\u00f3n Nacional de la Canacintra 2019"},"content":{"rendered":"<p><img loading=\"lazy\" decoding=\"async\" class=\"\" src=\"http:\/\/michoacan.gob.mx\/wp-content\/uploads\/2018\/06\/28ebe88d-8586-45b0-84be-8a3975b607e3.jpeg\" width=\"401\" height=\"267\" \/><\/p>\n<ul>\n<li><strong>El Gobernador Silvano Aureoles exhibe la riqueza cultural, natural y de gastronom\u00eda del estado, en el marco de la Convenci\u00f3n Nacional de la Canacintra 2018 en la capital de Quer\u00e9taro.<\/strong><\/li>\n<li><strong>La capital michoacana compite con Durango y Zacatecas; la noche de hoy se dar\u00e1 a conocer el resultado.<\/strong><\/li>\n<\/ul>\n<p>Quer\u00e9taro, Quer\u00e9taro, a 15 de junio de 2018. \u2013 El sector empresarial juega un papel determinante para que M\u00e9xico siga creciendo y no se detenga, afirm\u00f3 el Gobernador Constitucional Silvano Aureoles Conejo, al postular a la capital michoacana para que se convierta en la sede de la Convenci\u00f3n Nacional de Delegados, Sectores y Ramas de la C\u00e1mara Nacional de la Industria de la Transformaci\u00f3n (Canacintra) 2019.<\/p>\n<p>En un ambiente de fiesta, se mostr\u00f3 la riqueza cultural, natural y de gastronom\u00eda de nuestro estado, en el marco de la Convenci\u00f3n Nacional de Delegados, Sectores y Ramas de la Canacintra 2018, que se realiza en la capital de Quer\u00e9taro.<\/p>\n<p>Acompa\u00f1ado del secretario de Desarrollo Econ\u00f3mico, Jes\u00fas Melgoza Vel\u00e1zquez, el mandatario michoacano destac\u00f3 que la \u00fanica forma de combatir la pobreza es a trav\u00e9s de la generaci\u00f3n de empleos y este sector juega un papel importante, por ello dijo, es un aliado cercano de Canacintra.<\/p>\n<p>Al hablar de las bondades con las que cuenta Michoac\u00e1n, detall\u00f3 que la entidad se ubica en una zona estrat\u00e9gica para el desarrollo del pa\u00eds; adem\u00e1s, cuenta con riquezas naturales, culturales y gastron\u00f3micas, pero sobre todo, \u201ctenemos gente maravillosa\u201d.<\/p>\n<p>El Gobernador Aureoles Conejo se comprometi\u00f3 a brindar las medidas de seguridad necesarias para que la Convenci\u00f3n de 2019 se desarrolle de la mejor manera.<\/p>\n<p>\u201cEstoy convencido que no hay mejor lugar que Michoac\u00e1n para que la Convenci\u00f3n se realice\u201d, puntualiz\u00f3.<\/p>\n<p>En su oportunidad, el presidente nacional de la Canacintra, Enrique Guill\u00e9n Mondrag\u00f3n, refiri\u00f3 que el organizar una Convenci\u00f3n no es una tarea sencilla; sin embargo, asegur\u00f3, deja oportunidades enormes de crecimiento, as\u00ed como de confianza.<\/p>\n<p>De igual manera, agradeci\u00f3 el inter\u00e9s mostrado por el Gobernador de Michoac\u00e1n para la realizaci\u00f3n de este evento.<\/p>\n<p>Al hacer uso de la palabra, el presidente en funciones de Morelia, Fabio Sistos Rangel, expres\u00f3 que la capital de Michoac\u00e1n es una ciudad estrat\u00e9gica y es uno de los 11 destinos Patrimonio Cultural de la Humanidad por la UNESCO, as\u00ed como de los principales destinos tur\u00edsticos de M\u00e9xico.<\/p>\n<p>El presidente de la delegaci\u00f3n de la Canacintra Morelia, Abelardo P\u00e9rez Estrada, coment\u00f3 que Michoac\u00e1n es una entidad con gran crecimiento, de ah\u00ed la importancia de la realizaci\u00f3n de la Convenci\u00f3n en nuestro estado.<\/p>\n<p>Es importante mencionar que la capital michoacana compite con Durango y Zacatecas; la noche de hoy se dar\u00e1 a conocer el resultado del lugar en el que se realizar\u00e1 la Convenci\u00f3n Nacional de Delegados, Sectores y Ramas de la Canacintra 2019.<\/p>\n<p>Tambi\u00e9n acompa\u00f1aron al Gobernador su hija Sof\u00eda Aureoles Geymonat; la secretaria de Turismo, Claudia Ch\u00e1vez L\u00f3pez; el presidente del Consejo Coordinador Empresarial de Michoac\u00e1n, Agust\u00edn Arriaga D\u00edez; el presidente de la Canacintra delegaci\u00f3n San Juan del R\u00edo, Eduardo Prado; el presidente de la Canacintra delegaci\u00f3n Quer\u00e9taro, Jorge Rivadeneyra D\u00edaz; as\u00ed como diversas autoridades.<\/p>\n","protected":false},"excerpt":{"rendered":"<p>El Gobernador Silvano Aureoles exhibe la riqueza cultural, natural y de gastronom\u00eda del estado, en el marco de la Convenci\u00f3n Nacional de la Canacintra 2018 en la capital de Quer\u00e9taro. La capital michoacana compite con Durango y Zacatecas; la noche de hoy se dar\u00e1 a conocer el resultado. Quer\u00e9taro, Quer\u00e9taro, a 15 de junio de [&hellip;]<\/p>\n","protected":false},"author":2,"featured_media":54246,"comment_status":"closed","ping_status":"closed","sticky":false,"template":"","format":"standard","meta":{"footnotes":""},"categories":[14,3,60],"tags":[],"class_list":["post-54245","post","type-post","status-publish","format-standard","has-post-thumbnail","hentry","category-destacadas","category-gobierno-del-estado-de-michoacan","category-michoacan"],"_links":{"self":[{"href":"https:\/\/radiowebmx.com\/nota\/wp-json\/wp\/v2\/posts\/54245","targetHints":{"allow":["GET"]}}],"collection":[{"href":"https:\/\/radiowebmx.com\/nota\/wp-json\/wp\/v2\/posts"}],"about":[{"href":"https:\/\/radiowebmx.com\/nota\/wp-json\/wp\/v2\/types\/post"}],"author":[{"embeddable":true,"href":"https:\/\/radiowebmx.com\/nota\/wp-json\/wp\/v2\/users\/2"}],"replies":[{"embeddable":true,"href":"https:\/\/radiowebmx.com\/nota\/wp-json\/wp\/v2\/comments?post=54245"}],"version-history":[{"count":1,"href":"https:\/\/radiowebmx.com\/nota\/wp-json\/wp\/v2\/posts\/54245\/revisions"}],"predecessor-version":[{"id":54247,"href":"https:\/\/radiowebmx.com\/nota\/wp-json\/wp\/v2\/posts\/54245\/revisions\/54247"}],"wp:featuredmedia":[{"embeddable":true,"href":"https:\/\/radiowebmx.com\/nota\/wp-json\/wp\/v2\/media\/54246"}],"wp:attachment":[{"href":"https:\/\/radiowebmx.com\/nota\/wp-json\/wp\/v2\/media?parent=54245"}],"wp:term":[{"taxonomy":"category","embeddable":true,"href":"https:\/\/radiowebmx.com\/nota\/wp-json\/wp\/v2\/categories?post=54245"},{"taxonomy":"post_tag","embeddable":true,"href":"https:\/\/radiowebmx.com\/nota\/wp-json\/wp\/v2\/tags?post=54245"}],"curies":[{"name":"wp","href":"https:\/\/api.w.org\/{rel}","templated":true}]}}