{"id":54242,"date":"2018-06-15T11:21:36","date_gmt":"2018-06-15T16:21:36","guid":{"rendered":"https:\/\/radiowebmx.com\/nota\/?p=54242"},"modified":"2018-06-15T11:21:36","modified_gmt":"2018-06-15T16:21:36","slug":"convertiremos-a-morelia-en-la-capital-cultural-de-mexico-constantino","status":"publish","type":"post","link":"https:\/\/radiowebmx.com\/nota\/convertiremos-a-morelia-en-la-capital-cultural-de-mexico-constantino\/","title":{"rendered":"Convertiremos a Morelia en la Capital Cultural de M\u00e9xico: Constantino"},"content":{"rendered":"<ul>\n<li><strong>Constantino Ortiz dijo que impulsar\u00e1 una estructura de programas y proyectos que involucren al Centro Hist\u00f3rico, pero tambi\u00e9n a todas colonias, tenencias y comunidades<\/strong><\/li>\n<\/ul>\n<p><strong>Morelia, Michoac\u00e1n<\/strong>.- El candidato del Partido Verde Ecologista de M\u00e9xico (PVEM) por la presidencia de Morelia,\u00a0<strong>Constantino Ortiz<\/strong>, se comprometi\u00f3 a convertir al municipio en la\u00a0<strong>Capital Cultural de M\u00e9xico<\/strong>, con una estructura de programas y proyectos que involucren al Centro Hist\u00f3rico, pero tambi\u00e9n a todas colonias, tenencias y comunidades.<\/p>\n<p>Durante un evento Sociocultural de Inclusi\u00f3n Social, en el que participaron el Coro de la Tercera Juventud, jubilados y pensionados del Seguro Social, el Grupo P\u00farpura y grupos musicales juveniles de Misi\u00f3n del Valle, explic\u00f3 que uno de los ejes de su proyecto de gobierno contempla que \u201clas organizaciones como ustedes nos ayuden a llevar actividades culturales a las comunidades, tenencias y colonias de Morelia, porque tenemos que actuar con una gran responsabilidad si queremos formar ciudadanos \u00edntegros\u201d.<\/p>\n<p>Puntualiz\u00f3 que la educaci\u00f3n art\u00edstica es indispensable para tener mejores ni\u00f1os, j\u00f3venes y ciudadanos, es decir, \u201cnos ayudar\u00e1 a que la sociedad no tenga problemas de ocio y contrariamente, contar\u00e1 con valores cimentados desde la ra\u00edz que nos va llevar\u00e1n a tener una mejor sociedad\u201d.<\/p>\n<p>Con estos esquemas \u201cquiero convertir a Morelia en la capital cultural de M\u00e9xico y los adultos mayores y j\u00f3venes ser\u00e1n activo importante\u201d. Anticip\u00f3 que ser\u00e1n permanentes las presentaciones de bailes folcl\u00f3ricos, danzas de talla nacional e internacional, las bibliotecas m\u00f3viles, as\u00ed como los talleres de pintura, escultura, m\u00fasica y fotograf\u00eda, adem\u00e1s de las capacitaciones constantes en las diversas disciplinas art\u00edsticas y culturales.<\/p>\n<p>Este eje, continu\u00f3 el titular de la planilla verde \u201cT\u00fa decides el cambio\u201d, incluye la rehabilitaci\u00f3n y recuperaci\u00f3n de los espacios p\u00fablicos, que actualmente est\u00e1n destrozados o en manos de quienes incurren en conductas incorrectas, pero que \u201cpertenecen a nuestras familias y nosotros los vamos a rescatar para darles su uso\u201d.<\/p>\n<p>El empresario aprovech\u00f3 este encuentro con adultos mayores pedirles votar cinco veces \u201cverde\u201d este 1 de julio y para compartirles que su propuesta de gobierno se construy\u00f3 con una visi\u00f3n diferente a la de los dem\u00e1s candidatos, porque \u201cyo nunca he vivido de la pol\u00edtica y s\u00e9 c\u00f3mo administrar bien sus recursos, pero porque tambi\u00e9n buscamos una participaci\u00f3n real de la ciudadan\u00eda\u201d.<\/p>\n<p>Y ellos, continu\u00f3, los incluye porque \u201cpromoveremos incentivos para que las empresas den empleo a los grupos vulnerables y contamos con un verdadero programa de inclusi\u00f3n social para que ustedes nunca m\u00e1s se sientan discriminados o relegados en el municipio, sepan que con Constantino Ortiz van a tener un verdadero aliado\u201d.<\/p>\n","protected":false},"excerpt":{"rendered":"<p>Constantino Ortiz dijo que impulsar\u00e1 una estructura de programas y proyectos que involucren al Centro Hist\u00f3rico, pero tambi\u00e9n a todas colonias, tenencias y comunidades Morelia, Michoac\u00e1n.- El candidato del Partido Verde Ecologista de M\u00e9xico (PVEM) por la presidencia de Morelia,\u00a0Constantino Ortiz, se comprometi\u00f3 a convertir al municipio en la\u00a0Capital Cultural de M\u00e9xico, con una estructura [&hellip;]<\/p>\n","protected":false},"author":2,"featured_media":54243,"comment_status":"closed","ping_status":"closed","sticky":false,"template":"","format":"standard","meta":{"footnotes":""},"categories":[14,90],"tags":[],"class_list":["post-54242","post","type-post","status-publish","format-standard","has-post-thumbnail","hentry","category-destacadas","category-elecciones-2018"],"_links":{"self":[{"href":"https:\/\/radiowebmx.com\/nota\/wp-json\/wp\/v2\/posts\/54242","targetHints":{"allow":["GET"]}}],"collection":[{"href":"https:\/\/radiowebmx.com\/nota\/wp-json\/wp\/v2\/posts"}],"about":[{"href":"https:\/\/radiowebmx.com\/nota\/wp-json\/wp\/v2\/types\/post"}],"author":[{"embeddable":true,"href":"https:\/\/radiowebmx.com\/nota\/wp-json\/wp\/v2\/users\/2"}],"replies":[{"embeddable":true,"href":"https:\/\/radiowebmx.com\/nota\/wp-json\/wp\/v2\/comments?post=54242"}],"version-history":[{"count":1,"href":"https:\/\/radiowebmx.com\/nota\/wp-json\/wp\/v2\/posts\/54242\/revisions"}],"predecessor-version":[{"id":54244,"href":"https:\/\/radiowebmx.com\/nota\/wp-json\/wp\/v2\/posts\/54242\/revisions\/54244"}],"wp:featuredmedia":[{"embeddable":true,"href":"https:\/\/radiowebmx.com\/nota\/wp-json\/wp\/v2\/media\/54243"}],"wp:attachment":[{"href":"https:\/\/radiowebmx.com\/nota\/wp-json\/wp\/v2\/media?parent=54242"}],"wp:term":[{"taxonomy":"category","embeddable":true,"href":"https:\/\/radiowebmx.com\/nota\/wp-json\/wp\/v2\/categories?post=54242"},{"taxonomy":"post_tag","embeddable":true,"href":"https:\/\/radiowebmx.com\/nota\/wp-json\/wp\/v2\/tags?post=54242"}],"curies":[{"name":"wp","href":"https:\/\/api.w.org\/{rel}","templated":true}]}}