{"id":54237,"date":"2018-06-14T17:23:12","date_gmt":"2018-06-14T22:23:12","guid":{"rendered":"https:\/\/radiowebmx.com\/nota\/?p=54237"},"modified":"2018-06-15T10:11:23","modified_gmt":"2018-06-15T15:11:23","slug":"politicas-publicas-sensibles-para-sectores-vulnerables-propone-geronimo-color","status":"publish","type":"post","link":"https:\/\/radiowebmx.com\/nota\/politicas-publicas-sensibles-para-sectores-vulnerables-propone-geronimo-color\/","title":{"rendered":"Pol\u00edticas p\u00fablicas sensibles para sectores vulnerables, propone Ger\u00f3nimo Color"},"content":{"rendered":"<div>\u201cQue todo el poder del estado proteja a los adultos mayores y respalde a las jefas de familia\u201d<\/div>\n<div>Pol\u00edticas p\u00fablicas incluyentes y sensibles a la problem\u00e1tica que afrontan los sectores vulnerables, son parte la propuesta legislativa del candidato del Partido\u00a0 Revolucionario Institucional (PRI) a la Diputaci\u00f3n Federal del Distrito 10, Geronimo Color Garc\u00eda, quien destac\u00f3 la urgente necesidad de ampliar la pensi\u00f3n para adultos mayores.<\/div>\n<div>En el marco de la reuni\u00f3n que sostuvo con adultos mayores este jueves, el abanderado pri\u00edsta, afirm\u00f3 que \u201cestamos trabajando para que\u00a0 todo el poder del estado proteja a los adultos mayores, incluso desde su patrimonio, que muchas veces hay que defenderlo de las propias familias que terminan dej\u00e1ndolos en estado de indefensi\u00f3n cuando m\u00e1s lo necesitan\u201d, se\u00f1al\u00f3.<\/div>\n<div>Por otra parte, indic\u00f3 que se debe atender el abandono de muchas comunidades rurales, donde los adultos mayores quedan desprotegidos ante fen\u00f3menos sociales como la migraci\u00f3n, la pobreza e incluso la inseguridad.<\/div>\n<div>En ese sentido, Color Gasca adelant\u00f3 que su propuesta estar\u00e1 de la mano con las establecidas por el candidato a la presidencia de la Rep\u00fablica, Jos\u00e9 Antonio Meade Kuribre\u00f1a, de duplicar la pensi\u00f3n bimestral del programa 65 y m\u00e1s, a fin de que el monto de mil 180 pesos, se reciba de manera mensual.<\/div>\n<div>Asimismo, destac\u00f3 que se debe impulsar el desarrollo econ\u00f3mico de las jefas de familia, pues \u201chay muchos hogares que est\u00e1n bajo responsabilidad de una mujer, vamos a respaldarlas para que tengan apoyo econ\u00f3mico de hasta mil 200 pesos mensuales para darle suma fortaleza al interior de su econom\u00eda\u201d.<\/div>\n<div>Finalmente, destac\u00f3 que muchas de las mujeres trabajadoras son grandes emprendedoras, que deciden aperturar un negocio, prepararse a trav\u00e9s de una carrera o mediante la capacitaci\u00f3n para tener mayores fortalezcas, por lo que es indispensable que cuenten con todos los accesos y apoyos para darle a Morelia el Color del bienestar social.<\/div>\n","protected":false},"excerpt":{"rendered":"<p>\u201cQue todo el poder del estado proteja a los adultos mayores y respalde a las jefas de familia\u201d Pol\u00edticas p\u00fablicas incluyentes y sensibles a la problem\u00e1tica que afrontan los sectores vulnerables, son parte la propuesta legislativa del candidato del Partido\u00a0 Revolucionario Institucional (PRI) a la Diputaci\u00f3n Federal del Distrito 10, Geronimo Color Garc\u00eda, quien destac\u00f3 [&hellip;]<\/p>\n","protected":false},"author":2,"featured_media":54238,"comment_status":"closed","ping_status":"closed","sticky":false,"template":"","format":"standard","meta":{"footnotes":""},"categories":[14,90],"tags":[],"class_list":["post-54237","post","type-post","status-publish","format-standard","has-post-thumbnail","hentry","category-destacadas","category-elecciones-2018"],"_links":{"self":[{"href":"https:\/\/radiowebmx.com\/nota\/wp-json\/wp\/v2\/posts\/54237","targetHints":{"allow":["GET"]}}],"collection":[{"href":"https:\/\/radiowebmx.com\/nota\/wp-json\/wp\/v2\/posts"}],"about":[{"href":"https:\/\/radiowebmx.com\/nota\/wp-json\/wp\/v2\/types\/post"}],"author":[{"embeddable":true,"href":"https:\/\/radiowebmx.com\/nota\/wp-json\/wp\/v2\/users\/2"}],"replies":[{"embeddable":true,"href":"https:\/\/radiowebmx.com\/nota\/wp-json\/wp\/v2\/comments?post=54237"}],"version-history":[{"count":1,"href":"https:\/\/radiowebmx.com\/nota\/wp-json\/wp\/v2\/posts\/54237\/revisions"}],"predecessor-version":[{"id":54239,"href":"https:\/\/radiowebmx.com\/nota\/wp-json\/wp\/v2\/posts\/54237\/revisions\/54239"}],"wp:featuredmedia":[{"embeddable":true,"href":"https:\/\/radiowebmx.com\/nota\/wp-json\/wp\/v2\/media\/54238"}],"wp:attachment":[{"href":"https:\/\/radiowebmx.com\/nota\/wp-json\/wp\/v2\/media?parent=54237"}],"wp:term":[{"taxonomy":"category","embeddable":true,"href":"https:\/\/radiowebmx.com\/nota\/wp-json\/wp\/v2\/categories?post=54237"},{"taxonomy":"post_tag","embeddable":true,"href":"https:\/\/radiowebmx.com\/nota\/wp-json\/wp\/v2\/tags?post=54237"}],"curies":[{"name":"wp","href":"https:\/\/api.w.org\/{rel}","templated":true}]}}