{"id":54234,"date":"2018-06-14T13:59:43","date_gmt":"2018-06-14T18:59:43","guid":{"rendered":"https:\/\/radiowebmx.com\/nota\/?p=54234"},"modified":"2018-06-15T10:08:04","modified_gmt":"2018-06-15T15:08:04","slug":"diputados-deben-ser-nuestros-aliados-en-el-congreso-de-la-union-colonos-de-villas-del-pedregal","status":"publish","type":"post","link":"https:\/\/radiowebmx.com\/nota\/diputados-deben-ser-nuestros-aliados-en-el-congreso-de-la-union-colonos-de-villas-del-pedregal\/","title":{"rendered":"Diputados deben ser nuestros aliados en el Congreso de la Uni\u00f3n: colonos de Villas del Pedregal"},"content":{"rendered":"<p><img loading=\"lazy\" decoding=\"async\" class=\"\" src=\"https:\/\/attachment.outlook.live.net\/owa\/comgrafic_3@hotmail.com\/service.svc\/s\/GetAttachmentThumbnail?id=AQMkADAwATY0MDABLTgwNTYtZWM3OS0wMAItMDAKAEYAAAPaed1c1j8KT7aURLn6rI5GBwAe15j5sUT3TaISzCRY4uMCAAACAQwAAADomvo5BPcZT7qsxXAm84sCAAEBAFOx8AAAAAESABAA8Cou1hdr8kmUjEiv2N5Syg%3D%3D&amp;thumbnailType=2&amp;X-OWA-CANARY=VrhYF3970kK30m6p8UqtkLApycPQ0tUYO8rlEkiu5b_d6lyiExtjZUaNlN1L9T284eve_GhWD4E.&amp;token=eyJhbGciOiJSUzI1NiIsImtpZCI6IjA2MDBGOUY2NzQ2MjA3MzdFNzM0MDRFMjg3QzQ1QTgxOENCN0NFQjgiLCJ4NXQiOiJCZ0Q1OW5SaUJ6Zm5OQVRpaDhSYWdZeTN6cmciLCJ0eXAiOiJKV1QifQ.eyJ2ZXIiOiJFeGNoYW5nZS5DYWxsYmFjay5WMSIsImFwcGN0eHNlbmRlciI6Ik93YURvd25sb2FkQDg0ZGY5ZTdmLWU5ZjYtNDBhZi1iNDM1LWFhYWFhYWFhYWFhYSIsImFwcGN0eCI6IntcIm1zZXhjaHByb3RcIjpcIm93YVwiLFwicHJpbWFyeXNpZFwiOlwiUy0xLTI4MjctNDA5NjAwLTIxNTMxODAyODFcIixcInB1aWRcIjpcIjE3NTkyMjA3NTc2MjE4ODFcIixcIm9pZFwiOlwiMDAwNjQwMDAtODA1Ni1lYzc5LTAwMDAtMDAwMDAwMDAwMDAwXCIsXCJzY29wZVwiOlwiT3dhRG93bmxvYWRcIn0iLCJuYmYiOjE1MjkwNzQ3NzYsImV4cCI6MTUyOTA3NTM3NiwiaXNzIjoiMDAwMDAwMDItMDAwMC0wZmYxLWNlMDAtMDAwMDAwMDAwMDAwQDg0ZGY5ZTdmLWU5ZjYtNDBhZi1iNDM1LWFhYWFhYWFhYWFhYSIsImF1ZCI6IjAwMDAwMDAyLTAwMDAtMGZmMS1jZTAwLTAwMDAwMDAwMDAwMC9hdHRhY2htZW50Lm91dGxvb2subGl2ZS5uZXRAODRkZjllN2YtZTlmNi00MGFmLWI0MzUtYWFhYWFhYWFhYWFhIn0.nNLrgxECNKlpL6XiL1AmyWy20Eo27acO0NhNaXTzWkD7YfiB69RkXjqf3BZXIRZkKfDMw5jueY1dg_yiPjH_3x1UsLrOaYkP69X2NqI5U5aAXgH_cXbhyl0AFZVnvJfADLWo5K3KmVV0xb1SJtD3mqUvDrJWufu_p6CTSRXv3A5qfqrGNRjQL2ovUwhyy7S9ZOfSFbMqD7Cmt2EGQJOh1yYRQjPInpZDdBtATkoKu5k57Adq3_7n54fR8Gf-d3yaSYYKa1cxYBMMDBZeJ0yS8t3WmDKl5qJnfvJ69VYXCfkvrAI03hPgFRG8QdPmFzKYFG7IV7arElKz2sNXjdA6WA&amp;owa=outlook.live.com&amp;isc=1\" width=\"401\" height=\"267\" \/><\/p>\n<ul>\n<li><strong>Vecinos y comerciantes del poniente de Morelia destacaron que con el apoyo del candidato a diputado federal, Wilfrido L\u00e1zaro, el Distrito 08 de Morelia ser\u00e1 tomado en cuenta para la gesti\u00f3n de recursos.<\/strong><\/li>\n<\/ul>\n<p>&nbsp;<\/p>\n<p>&nbsp;<\/p>\n<p><strong>Morelia, Michoac\u00e1n, 14 de junio de 2018.-<\/strong> Los ciudadanos debemos pensar bien a la hora de votar, ya que elegimos a nuestros representantes, quienes deben ser nuestros aliados para traer beneficios reales, coincidieron vecinos y comerciantes de Villas del Pedregal.<\/p>\n<p>Ang\u00e9lica Ramos, habitante de dicha colonia, la cual es una de las m\u00e1s grandes de Morelia, destac\u00f3 que hay muchas necesidades en la zona, ya que al estar alejada de la ciudad las autoridades la han dejado en el olvido.<\/p>\n<p>\u201cNecesitamos m\u00e1s transporte, m\u00e1s seguridad y que nos resuelvan lo del agua, hay zonas de Villas que no tienen agua\u201d.<\/p>\n<p>\u201cConfiamos en que con estas elecciones las cosas vayan mejor al elegir a personas que trabajan desde siempre en nuestro beneficio, como Wilfrido L\u00e1zaro\u201d, enfatiz\u00f3 Ang\u00e9lica Ramos durante un encuentro con el candidato del PRI a diputado federal por el Distrito 08 de Morelia.<\/p>\n<p>Christian Eduardo Raya Le\u00f3n, l\u00edder de la Uni\u00f3n de Comerciantes Villas del Pedregal 2, confi\u00f3 en que con Wilfrido L\u00e1zaro como diputado federal, la ciudadan\u00eda tendr\u00e1 un aliado en el Congreso de la Uni\u00f3n, quien se encargar\u00e1 de estar al pendiente de las necesidades para realizar las gestiones de recursos que impulsen el bienestar del poniente de Morelia.<\/p>\n<p>\u201cEstoy seguro de que con su apoyo vamos a mejorar, ya que el profesor Wilfrido L\u00e1zaro nos ayudar\u00e1 en la gesti\u00f3n de recursos; es la persona indicada, necesitamos su apoyo para construir entre todos una organizaci\u00f3n y colonia m\u00e1s fuerte\u201d.<\/p>\n<p>Al respecto, Wilfrido L\u00e1zaro destac\u00f3 que una vez electo diputado federal le abrir\u00e1 las puertas a quien se quiera acercar para resolver alguna necesidad.<\/p>\n<p>\u201cYo como diputado federal abrir\u00e9 las puertas de quienes se quieran acercar\u00a0porque voy a representarlos ante el Congreso de la Uni\u00f3n, ya que s\u00e9 legislar, pero tambi\u00e9n s\u00e9 hacer gestiones y en equipo vamos a trabajar para mejorar Morelia\u201d.<\/p>\n<p>&nbsp;<\/p>\n","protected":false},"excerpt":{"rendered":"<p>Vecinos y comerciantes del poniente de Morelia destacaron que con el apoyo del candidato a diputado federal, Wilfrido L\u00e1zaro, el Distrito 08 de Morelia ser\u00e1 tomado en cuenta para la gesti\u00f3n de recursos. &nbsp; &nbsp; Morelia, Michoac\u00e1n, 14 de junio de 2018.- Los ciudadanos debemos pensar bien a la hora de votar, ya que elegimos [&hellip;]<\/p>\n","protected":false},"author":2,"featured_media":54235,"comment_status":"closed","ping_status":"closed","sticky":false,"template":"","format":"standard","meta":{"footnotes":""},"categories":[14,90],"tags":[],"class_list":["post-54234","post","type-post","status-publish","format-standard","has-post-thumbnail","hentry","category-destacadas","category-elecciones-2018"],"_links":{"self":[{"href":"https:\/\/radiowebmx.com\/nota\/wp-json\/wp\/v2\/posts\/54234","targetHints":{"allow":["GET"]}}],"collection":[{"href":"https:\/\/radiowebmx.com\/nota\/wp-json\/wp\/v2\/posts"}],"about":[{"href":"https:\/\/radiowebmx.com\/nota\/wp-json\/wp\/v2\/types\/post"}],"author":[{"embeddable":true,"href":"https:\/\/radiowebmx.com\/nota\/wp-json\/wp\/v2\/users\/2"}],"replies":[{"embeddable":true,"href":"https:\/\/radiowebmx.com\/nota\/wp-json\/wp\/v2\/comments?post=54234"}],"version-history":[{"count":1,"href":"https:\/\/radiowebmx.com\/nota\/wp-json\/wp\/v2\/posts\/54234\/revisions"}],"predecessor-version":[{"id":54236,"href":"https:\/\/radiowebmx.com\/nota\/wp-json\/wp\/v2\/posts\/54234\/revisions\/54236"}],"wp:featuredmedia":[{"embeddable":true,"href":"https:\/\/radiowebmx.com\/nota\/wp-json\/wp\/v2\/media\/54235"}],"wp:attachment":[{"href":"https:\/\/radiowebmx.com\/nota\/wp-json\/wp\/v2\/media?parent=54234"}],"wp:term":[{"taxonomy":"category","embeddable":true,"href":"https:\/\/radiowebmx.com\/nota\/wp-json\/wp\/v2\/categories?post=54234"},{"taxonomy":"post_tag","embeddable":true,"href":"https:\/\/radiowebmx.com\/nota\/wp-json\/wp\/v2\/tags?post=54234"}],"curies":[{"name":"wp","href":"https:\/\/api.w.org\/{rel}","templated":true}]}}