{"id":54230,"date":"2018-06-14T14:25:18","date_gmt":"2018-06-14T19:25:18","guid":{"rendered":"https:\/\/radiowebmx.com\/nota\/?p=54230"},"modified":"2018-06-14T14:25:18","modified_gmt":"2018-06-14T19:25:18","slug":"presentan-codigo-de-justicia-administrativa-anotado","status":"publish","type":"post","link":"https:\/\/radiowebmx.com\/nota\/presentan-codigo-de-justicia-administrativa-anotado\/","title":{"rendered":"Presentan C\u00f3digo de Justicia Administrativa anotado"},"content":{"rendered":"<p><img loading=\"lazy\" decoding=\"async\" class=\"\" src=\"https:\/\/attachment.outlook.live.net\/owa\/ultrapolitica@hotmail.com\/service.svc\/s\/GetAttachmentThumbnail?id=AQMkADAwATYwMAItODMyNi00ODU0LTAwAi0wMAoARgAAA5HawHgQuq9DrqMPu%2BRLC5sHANRV7lYdW%2FpNtd2j%2BEW2swoAAAIBDAAAANRV7lYdW%2FpNtd2j%2BEW2swoAAnS815gAAAABEgAQABLKLe%2F3trYASq0iZhBnLeZ9&amp;thumbnailType=2&amp;X-OWA-CANARY=424hdRgFKUmze60mGYR_NFAaJ30s0tUYM8Wn2z-cAAbgPPXBXIpBNPx3T7w61h1AYcg_Yg7-QyU.&amp;token=eyJhbGciOiJSUzI1NiIsImtpZCI6IjA2MDBGOUY2NzQ2MjA3MzdFNzM0MDRFMjg3QzQ1QTgxOENCN0NFQjgiLCJ4NXQiOiJCZ0Q1OW5SaUJ6Zm5OQVRpaDhSYWdZeTN6cmciLCJ0eXAiOiJKV1QifQ.eyJ2ZXIiOiJFeGNoYW5nZS5DYWxsYmFjay5WMSIsImFwcGN0eHNlbmRlciI6Ik93YURvd25sb2FkQDg0ZGY5ZTdmLWU5ZjYtNDBhZi1iNDM1LWFhYWFhYWFhYWFhYSIsImFwcGN0eCI6IntcIm1zZXhjaHByb3RcIjpcIm93YVwiLFwicHJpbWFyeXNpZFwiOlwiUy0xLTI4MjctMzkzMjE2LTIyMDAzMjQxODBcIixcInB1aWRcIjpcIjE2ODg4NTIwNjA1ODgxMTZcIixcIm9pZFwiOlwiMDAwNjAwMDAtODMyNi00ODU0LTAwMDAtMDAwMDAwMDAwMDAwXCIsXCJzY29wZVwiOlwiT3dhRG93bmxvYWRcIn0iLCJuYmYiOjE1MjkwMDQyMDEsImV4cCI6MTUyOTAwNDgwMSwiaXNzIjoiMDAwMDAwMDItMDAwMC0wZmYxLWNlMDAtMDAwMDAwMDAwMDAwQDg0ZGY5ZTdmLWU5ZjYtNDBhZi1iNDM1LWFhYWFhYWFhYWFhYSIsImF1ZCI6IjAwMDAwMDAyLTAwMDAtMGZmMS1jZTAwLTAwMDAwMDAwMDAwMC9hdHRhY2htZW50Lm91dGxvb2subGl2ZS5uZXRAODRkZjllN2YtZTlmNi00MGFmLWI0MzUtYWFhYWFhYWFhYWFhIn0.QQBG8D19PrLXvoDIgRls7v21AmrBuZ-iRCnyozFtTv97HDsO3GEEBHME6dgcK1wmDmvZwUmf1BwHMo3SfQNjxRXRIxq_-KaGjE2T40HCFeiBABSYdftdXiTf7WwpLt24nT3dCbE3PfQeu7PLnetwEC7k0bbyPfX8KBOZIcarhkMZCFF81nG_-7so-Nn8JFErJm1ojSgtdpvt4YR8YJPj_mTrWArkGFQJNSKhrjKwBRN_JjyhU9qqlAzcIX2vjxNVcgAfu2E7CHRXyniAhASzkSFC9eAfiJmG_vajWdQWRy3CsBiWiQvxo9zs3wKKG0re_5dpNXm3z43nHJg1hKT_4A&amp;owa=outlook.live.com&amp;isc=1\" width=\"399\" height=\"266\" \/><\/p>\n<p>&nbsp;<\/p>\n<p class=\"x_MsoNormal\"><b>Morelia; Michoac\u00e1n, 15 de junio de 2018<\/b>.- El Sistema Estatal Anticorrupci\u00f3n (SEA) cuenta con dos ejes fundamentales, la prevenci\u00f3n y el castigo para aquellos que realizan actos de corrupci\u00f3n, hacerlos cumplir debe ser una tarea fundamental, se\u00f1al\u00f3 el diputado Mario Armando Mendoza Guzm\u00e1n, en la presentaci\u00f3n del libro C\u00f3digo de Justicia Administrativa del Estado de Michoac\u00e1n, del Maestro Jos\u00e9 Padilla Alegre.<\/p>\n<p class=\"x_MsoNormal\">Al respecto, el legislador destac\u00f3 que uno de los instrumentos normativos necesarios para la implementaci\u00f3n del SEA, es el C\u00f3digo de Justicia Administrativa, mismo que fue adecuado por el Congreso Estatal, como parte de las reformas necesarias para su funcionamiento.<\/p>\n<p class=\"x_MsoNormal\">La presentaci\u00f3n estuvo a cargo del legislador quien preside la Comisi\u00f3n de Gobernaci\u00f3n, as\u00ed como de la Doctora Mar\u00eda Guadalupe Calder\u00f3n Corona, profesora de la Facultad de Derecho de la Universidad Michoacana de San Nicol\u00e1s de Hidalgo y Jorge Luis Arroyo Mares, secretario general de acuerdos del Tribunal de Justicia Administrativa del Estado, quienes coincidieron en se\u00f1alar que la importancia de esta obra radica, en que est\u00e1 orientada a fortalecer el respeto a los derechos humanos, mediante el conocimiento y pr\u00e1ctica del derecho administrativo.<\/p>\n<p class=\"x_MsoNormal\">Asimismo, tiene el gran valor de hacer anotaciones a dicho C\u00f3digo, para orientar debidamente los preceptos establecidos en el mismo.<\/p>\n<p class=\"x_MsoNormal\">La obra realizada por el Maestro Jos\u00e9 Padilla, al ser una materia nueva, resulta fundamental no s\u00f3lo para los abogados e impartidores de la justicia administrativa, sino para los propios ciudadanos que hoy forman parte de este SEA, se\u00f1al\u00f3 Mendoza Guzm\u00e1n.<\/p>\n<p class=\"x_MsoNormal\">Agrego que en breve, la Comisi\u00f3n de Gobernaci\u00f3n presentar\u00e1 un dictamen que constituye una tercera parte de las reformas del SEA, orientado a la elecci\u00f3n de contralores de los \u00f3rganos aut\u00f3nomos. Hasta este momento, los contralores de los \u00f3rganos aut\u00f3nomos nombran a su propio contralor, de ser aprobado por las comisiones y por el Pleno, los contralores ser\u00e1n electos mediante un concurso de oposici\u00f3n abierto, se\u00f1al\u00f3.<\/p>\n<p class=\"x_MsoNormal\">De esta forma en un plazo no mayor de 45 d\u00edas, los cinco principales \u00f3rganos aut\u00f3nomos deber\u00e1n presentar una convocatoria abierta, para que aquellos ciudadanos interesados puedan participar; hecha esta parte, deber\u00e1n elaborar una terna que ser\u00e1 enviada al Congreso para su ratificaci\u00f3n.<\/p>\n<p class=\"x_MsoNormal\">Por su parte, Jos\u00e9 Padilla Alegre, quien es profesor de la Facultad de Derecho de la UMSNH, coment\u00f3 que la obra tiene como prop\u00f3sito la divulgaci\u00f3n del derecho administrativo por conducto del C\u00f3digo de Justicia Administrativa, en esta ocasi\u00f3n a trav\u00e9s de anotaciones a los art\u00edculos del ordenamiento en referencia, que fueron realizadas con el prop\u00f3sito de facilitar el manejo del mismo para los operadores jur\u00eddicos, pero sobre todo, para facilitar la comprensi\u00f3n de aquellos que no est\u00e1n familiarizados con la materia.<\/p>\n","protected":false},"excerpt":{"rendered":"<p>&nbsp; Morelia; Michoac\u00e1n, 15 de junio de 2018.- El Sistema Estatal Anticorrupci\u00f3n (SEA) cuenta con dos ejes fundamentales, la prevenci\u00f3n y el castigo para aquellos que realizan actos de corrupci\u00f3n, hacerlos cumplir debe ser una tarea fundamental, se\u00f1al\u00f3 el diputado Mario Armando Mendoza Guzm\u00e1n, en la presentaci\u00f3n del libro C\u00f3digo de Justicia Administrativa del Estado [&hellip;]<\/p>\n","protected":false},"author":2,"featured_media":54231,"comment_status":"closed","ping_status":"closed","sticky":false,"template":"","format":"standard","meta":{"footnotes":""},"categories":[6,14],"tags":[],"class_list":["post-54230","post","type-post","status-publish","format-standard","has-post-thumbnail","hentry","category-congreso-del-estado","category-destacadas"],"_links":{"self":[{"href":"https:\/\/radiowebmx.com\/nota\/wp-json\/wp\/v2\/posts\/54230","targetHints":{"allow":["GET"]}}],"collection":[{"href":"https:\/\/radiowebmx.com\/nota\/wp-json\/wp\/v2\/posts"}],"about":[{"href":"https:\/\/radiowebmx.com\/nota\/wp-json\/wp\/v2\/types\/post"}],"author":[{"embeddable":true,"href":"https:\/\/radiowebmx.com\/nota\/wp-json\/wp\/v2\/users\/2"}],"replies":[{"embeddable":true,"href":"https:\/\/radiowebmx.com\/nota\/wp-json\/wp\/v2\/comments?post=54230"}],"version-history":[{"count":1,"href":"https:\/\/radiowebmx.com\/nota\/wp-json\/wp\/v2\/posts\/54230\/revisions"}],"predecessor-version":[{"id":54232,"href":"https:\/\/radiowebmx.com\/nota\/wp-json\/wp\/v2\/posts\/54230\/revisions\/54232"}],"wp:featuredmedia":[{"embeddable":true,"href":"https:\/\/radiowebmx.com\/nota\/wp-json\/wp\/v2\/media\/54231"}],"wp:attachment":[{"href":"https:\/\/radiowebmx.com\/nota\/wp-json\/wp\/v2\/media?parent=54230"}],"wp:term":[{"taxonomy":"category","embeddable":true,"href":"https:\/\/radiowebmx.com\/nota\/wp-json\/wp\/v2\/categories?post=54230"},{"taxonomy":"post_tag","embeddable":true,"href":"https:\/\/radiowebmx.com\/nota\/wp-json\/wp\/v2\/tags?post=54230"}],"curies":[{"name":"wp","href":"https:\/\/api.w.org\/{rel}","templated":true}]}}