{"id":54220,"date":"2018-06-13T16:18:47","date_gmt":"2018-06-13T21:18:47","guid":{"rendered":"https:\/\/radiowebmx.com\/nota\/?p=54220"},"modified":"2018-06-14T13:47:20","modified_gmt":"2018-06-14T18:47:20","slug":"no-voy-a-declinar-fausto-vallejo-figueroa","status":"publish","type":"post","link":"https:\/\/radiowebmx.com\/nota\/no-voy-a-declinar-fausto-vallejo-figueroa\/","title":{"rendered":"No voy a declinar: Fausto Vallejo Figueroa"},"content":{"rendered":"<p><strong>Morelia, Michoac\u00e1n<\/strong>.- El abanderado del Partido Encuentro Social (<strong>PES<\/strong>) a la alcald\u00eda de Morelia,\u00a0<strong>Fausto Vallejo Figueroa<\/strong>, neg\u00f3 categ\u00f3ricamente que vaya a declinar a su candidatura a la\u00a0<strong>Presidencia Municipal de Morelia<\/strong>\u00a0y calific\u00f3 como rumores, parte de una guerra sucia, lo que se ha comentado en algunos medios de comunicaci\u00f3n.<\/p>\n<p>Entrevistado al respecto, el cuatro veces alcalde dijo firme que \u00e9l es un hombre de palabra, as\u00ed como de convicciones y jam\u00e1s le fallar\u00eda a los morelianos que tienen plena confianza en sus propuestas de gobierno, las cuales desde el pasado 14 de mayo ha dado cuenta en tenencias, colonias populares, as\u00ed como a acad\u00e9micos, estudiantes, empresarios y dem\u00e1s grupos sociales.<\/p>\n<div class=\"teads-inread\"><\/div>\n<p>Vallejo Figueroa, dijo que respeta al partido que lo ha postulado que es Encuentro Social y jam\u00e1s le fallar\u00eda.<\/p>\n<p>En otra parte de la entrevista, afirm\u00f3 que el 30 de septiembre pr\u00f3ximo, aniversario del natalicio de Don Jos\u00e9 Ma. Morelos y Pav\u00f3n,<strong>\u00a0invitar\u00e1 a la celebraci\u00f3n solemne al presidente de la Rep\u00fablica que ser\u00e1 Andr\u00e9s Manuel L\u00f3pez Obrador<\/strong>.<\/p>\n<p>Por su parte,\u00a0<strong>Hugo \u00c9ric Flores Cervantes,<\/strong>\u00a0presidente nacional de este instituto pol\u00edtico, respald\u00f3 abiertamente la candidatura de Fausto Vallejo Figueroa, quien adem\u00e1s asegur\u00f3 que el ex gobernador se alzar\u00e1 con el triunfo este pr\u00f3ximo 1 de julio, acompa\u00f1ado por\u00a0<strong>Javier Valdespino Garc\u00eda<\/strong>, as\u00ed como de candidatos a ocupar diversos cargos de elecci\u00f3n popular, el l\u00edder partidista dijo que Morelia tendr\u00e1 un nuevo edil comprometido con la sociedad.<\/p>\n","protected":false},"excerpt":{"rendered":"<p>Morelia, Michoac\u00e1n.- El abanderado del Partido Encuentro Social (PES) a la alcald\u00eda de Morelia,\u00a0Fausto Vallejo Figueroa, neg\u00f3 categ\u00f3ricamente que vaya a declinar a su candidatura a la\u00a0Presidencia Municipal de Morelia\u00a0y calific\u00f3 como rumores, parte de una guerra sucia, lo que se ha comentado en algunos medios de comunicaci\u00f3n. Entrevistado al respecto, el cuatro veces alcalde [&hellip;]<\/p>\n","protected":false},"author":2,"featured_media":54221,"comment_status":"closed","ping_status":"closed","sticky":false,"template":"","format":"standard","meta":{"footnotes":""},"categories":[14,90],"tags":[],"class_list":["post-54220","post","type-post","status-publish","format-standard","has-post-thumbnail","hentry","category-destacadas","category-elecciones-2018"],"_links":{"self":[{"href":"https:\/\/radiowebmx.com\/nota\/wp-json\/wp\/v2\/posts\/54220","targetHints":{"allow":["GET"]}}],"collection":[{"href":"https:\/\/radiowebmx.com\/nota\/wp-json\/wp\/v2\/posts"}],"about":[{"href":"https:\/\/radiowebmx.com\/nota\/wp-json\/wp\/v2\/types\/post"}],"author":[{"embeddable":true,"href":"https:\/\/radiowebmx.com\/nota\/wp-json\/wp\/v2\/users\/2"}],"replies":[{"embeddable":true,"href":"https:\/\/radiowebmx.com\/nota\/wp-json\/wp\/v2\/comments?post=54220"}],"version-history":[{"count":1,"href":"https:\/\/radiowebmx.com\/nota\/wp-json\/wp\/v2\/posts\/54220\/revisions"}],"predecessor-version":[{"id":54222,"href":"https:\/\/radiowebmx.com\/nota\/wp-json\/wp\/v2\/posts\/54220\/revisions\/54222"}],"wp:featuredmedia":[{"embeddable":true,"href":"https:\/\/radiowebmx.com\/nota\/wp-json\/wp\/v2\/media\/54221"}],"wp:attachment":[{"href":"https:\/\/radiowebmx.com\/nota\/wp-json\/wp\/v2\/media?parent=54220"}],"wp:term":[{"taxonomy":"category","embeddable":true,"href":"https:\/\/radiowebmx.com\/nota\/wp-json\/wp\/v2\/categories?post=54220"},{"taxonomy":"post_tag","embeddable":true,"href":"https:\/\/radiowebmx.com\/nota\/wp-json\/wp\/v2\/tags?post=54220"}],"curies":[{"name":"wp","href":"https:\/\/api.w.org\/{rel}","templated":true}]}}