{"id":5418,"date":"2014-02-12T13:22:13","date_gmt":"2014-02-12T19:22:13","guid":{"rendered":"https:\/\/radiowebmx.com\/nota\/?p=5418"},"modified":"2014-02-12T13:22:13","modified_gmt":"2014-02-12T19:22:13","slug":"la-reforma-educativa-requiere-de-un-trabajo-coordinado-entre-estados-y-federacion-jesus-sierra","status":"publish","type":"post","link":"https:\/\/radiowebmx.com\/nota\/la-reforma-educativa-requiere-de-un-trabajo-coordinado-entre-estados-y-federacion-jesus-sierra\/","title":{"rendered":"LA REFORMA EDUCATIVA REQUIERE DE UN TRABAJO COORDINADO ENTRE ESTADOS Y FEDERACI\u00d3N: JES\u00daS SIERRA"},"content":{"rendered":"<p><a href=\"https:\/\/radiowebmx.com\/nota\/wp-content\/uploads\/2014\/02\/SEE-1.jpg\"><img loading=\"lazy\" decoding=\"async\" class=\"alignleft size-full wp-image-5419\" alt=\"SEE (1)\" src=\"https:\/\/radiowebmx.com\/nota\/wp-content\/uploads\/2014\/02\/SEE-1.jpg\" width=\"591\" height=\"337\" \/><\/a>El secretario de Educaci\u00f3n en Michoac\u00e1n, J. Jes\u00fas Sierra Arias, particip\u00f3 en el Seminario denominado La Reforma Educativa en M\u00e9xico, organizado por el Instituto de Investigaciones Jur\u00eddicas de la Universidad Nacional Aut\u00f3noma de M\u00e9xico (UNAM), en donde destac\u00f3 que la disposici\u00f3n constitucional requiere para su cumplimiento el trabajo coordinado entre los estados y la federaci\u00f3n; en el evento tambi\u00e9n estuvo presente el secretario de Educaci\u00f3n P\u00fablica, Emilio Chuayffet Chemor.<\/p>\n<p>Jes\u00fas Sierra Arias, quien el pasado 6 de febrero particip\u00f3 en otra mesa de trabajo durante el Foro Nacional de Reflexi\u00f3n Estrat\u00e9gica sobre los Procesos de Evaluaci\u00f3n del Ingreso al Servicio P\u00fablico Docente, ahora fue invitado por el Instituto\u00a0 de Investigaciones Jur\u00eddicas de la UNAM para dar su visi\u00f3n como titular de la pol\u00edtica educativa en Michoac\u00e1n y como representante de las entidades federativas.<\/p>\n<p>En su participaci\u00f3n en la mesa 1 \u201cLas Competencias Federal y Estaduales\u201d, Sierra Arias expuso la injerencia de las entidades federativas y sus implicaciones, especialmente porque la Reforma Educativa implica un proceso gradual, es decir, poco a poco se est\u00e1 aplicando y desarrollando en los estados.<\/p>\n<p>El funcionario estatal aclar\u00f3 durante su ponencia, que esta disposici\u00f3n constitucional aplica a toda la geograf\u00eda mexicana y tambi\u00e9n habl\u00f3 de las dificultades que enfrentan las entidades para el proceso de implementaci\u00f3n, debido a que no es un trabajo r\u00e1pido ni plano, sino que es indispensable una labor coordinada.<\/p>\n<p>En el mismo sentido, refiri\u00f3 que para la implementaci\u00f3n de la Reforma Educativa, los estados tienen competencias limitadas y por ello es importante la participaci\u00f3n del gobierno federal para su desarrollo y aplicaci\u00f3n en las condiciones \u00f3ptimas.<\/p>\n<p>En la mesa 1 tambi\u00e9n participaron como panelistas Sylvia Schmelkes del Valle, presidenta del Instituto Nacional de Evaluaci\u00f3n Educativa; Fernando Serrano Migall\u00f3n, subsecretario de Educaci\u00f3n Superior; adem\u00e1s de los investigadores de la UNAM, Salvador Valencia Carmona y Edgar Corzo Sosa; en tanto que la moderadora fue la tambi\u00e9n miembro del Instituto de Investigaciones Jur\u00eddicas, Mar\u00eda del Pilar Hern\u00e1ndez.<\/p>\n<p><strong>En dicho seminario, Emilio Chuayffet Chemor dict\u00f3 la conferencia magisterial inaugural denominada \u201cLa Reforma Educativa: Lo que se hizo y lo que hizo falta\u201d.<\/strong><\/p>\n<p><strong>En la inauguraci\u00f3n tambi\u00e9n se cont\u00f3 con la presencia del director del Instituto de Investigaciones Jur\u00eddicas de la UNAM, H\u00e9ctor Fix Fierro; Ra\u00fal Gonz\u00e1lez P\u00e9rez, <\/strong>Abogado General de la UNAM.<strong><\/strong><\/p>\n","protected":false},"excerpt":{"rendered":"<p>El secretario de Educaci\u00f3n en Michoac\u00e1n, J. Jes\u00fas Sierra Arias, particip\u00f3 en el Seminario denominado La Reforma Educativa en M\u00e9xico, organizado por el Instituto de Investigaciones Jur\u00eddicas de la Universidad Nacional Aut\u00f3noma de M\u00e9xico (UNAM), <\/p>\n","protected":false},"author":1,"featured_media":0,"comment_status":"open","ping_status":"open","sticky":false,"template":"","format":"standard","meta":{"footnotes":""},"categories":[14,3],"tags":[],"class_list":["post-5418","post","type-post","status-publish","format-standard","hentry","category-destacadas","category-gobierno-del-estado-de-michoacan"],"_links":{"self":[{"href":"https:\/\/radiowebmx.com\/nota\/wp-json\/wp\/v2\/posts\/5418","targetHints":{"allow":["GET"]}}],"collection":[{"href":"https:\/\/radiowebmx.com\/nota\/wp-json\/wp\/v2\/posts"}],"about":[{"href":"https:\/\/radiowebmx.com\/nota\/wp-json\/wp\/v2\/types\/post"}],"author":[{"embeddable":true,"href":"https:\/\/radiowebmx.com\/nota\/wp-json\/wp\/v2\/users\/1"}],"replies":[{"embeddable":true,"href":"https:\/\/radiowebmx.com\/nota\/wp-json\/wp\/v2\/comments?post=5418"}],"version-history":[{"count":1,"href":"https:\/\/radiowebmx.com\/nota\/wp-json\/wp\/v2\/posts\/5418\/revisions"}],"predecessor-version":[{"id":5420,"href":"https:\/\/radiowebmx.com\/nota\/wp-json\/wp\/v2\/posts\/5418\/revisions\/5420"}],"wp:attachment":[{"href":"https:\/\/radiowebmx.com\/nota\/wp-json\/wp\/v2\/media?parent=5418"}],"wp:term":[{"taxonomy":"category","embeddable":true,"href":"https:\/\/radiowebmx.com\/nota\/wp-json\/wp\/v2\/categories?post=5418"},{"taxonomy":"post_tag","embeddable":true,"href":"https:\/\/radiowebmx.com\/nota\/wp-json\/wp\/v2\/tags?post=5418"}],"curies":[{"name":"wp","href":"https:\/\/api.w.org\/{rel}","templated":true}]}}