{"id":5416,"date":"2014-02-10T12:24:03","date_gmt":"2014-02-10T18:24:03","guid":{"rendered":"https:\/\/radiowebmx.com\/nota\/?p=5416"},"modified":"2014-02-10T12:24:03","modified_gmt":"2014-02-10T18:24:03","slug":"temass-de-cafe","status":"publish","type":"post","link":"https:\/\/radiowebmx.com\/nota\/temass-de-cafe\/","title":{"rendered":"TEMASS DE CAF\u00c9"},"content":{"rendered":"<p><a href=\"https:\/\/radiowebmx.com\/nota\/wp-content\/uploads\/2013\/06\/temas-de-cafe.jpg\"><img loading=\"lazy\" decoding=\"async\" class=\"alignleft size-full wp-image-2805\" alt=\"temas de cafe\" src=\"https:\/\/radiowebmx.com\/nota\/wp-content\/uploads\/2013\/06\/temas-de-cafe.jpg\" width=\"295\" height=\"171\" \/><\/a>+ UN A\u00d1O, 7 MESES Y 15 DIAS<\/p>\n<p>+ \u00bfAHORA SIGUE LA MESETA?<\/p>\n<p>+ \u00bfFIDEL VA CONTRA LEONEL?<\/p>\n<p>+ GOYO: ROSARIO POR LA PAZ<\/p>\n<p>Toda esta semana el tema predominante, ser\u00e1 si Fausto Vallejo, gobernador del Estado podr\u00e1 gobernar, lo que le queda de la administraci\u00f3n estatal, exactamente un a\u00f1o, siete meses con 15 d\u00edas y desde luego existen diversos criterios, hay quienes opinan que lo mejor ser\u00eda relevarlo de su responsabilidad, y dejarlo descansar para que termine peor sanar de sus problemas de salud, pero tambi\u00e9n hay otro sector importante, que comenta que ahora menos que nunca, es necesario que el gobernador sea relevado, de su responsabilidad sobre todo despu\u00e9s de que solicit\u00f3 el apoyo federal, para poder enfrentar la situaci\u00f3n de emergencia, que se presenta en la entidad, principalmente los problemas de seguridad, que impactan negativamente en todos los rubros del desarrollo econ\u00f3mico.<\/p>\n<p>AL GOBERNADOR CADA VEZ SE LE VE MEJOR<\/p>\n<p>Tal vez en los tiempos del viejo PRI, del PRI todo poderoso cuando no se cuidaban las formas, el gobernador Fausto ya no estar\u00eda en Palacio de Gobierno, pero el PRI que regres\u00f3 al poder el a\u00f1o pasado, intenta ser diferente, conciliador y cuidadoso de las formas, porque hoy m\u00e1s que nunca el mundo tiene los ojos fijos en Michoac\u00e1n, m\u00e1s cuando es impulsado por organismos internacionales, para que sea factor importante, en el desarrollo de la Cuenca Asia-Pac\u00edfico, por eso es que hace meses se toc\u00f3 el tema Michoac\u00e1n, a fondo y se escogi\u00f3 la estrategia que hoy se aplica en la entidad.<\/p>\n<p>DESAPARICI\u00d3N DE PODERES, ESTADO DE EXCEPCI\u00d3N, O COMISARIO<\/p>\n<p>Se lo comentamos en tiempo y forma, igual que hora se comenta, que en estos d\u00edas se realizar\u00e1 una evaluaci\u00f3n, para determinar el futuro de Michoac\u00e1n y de Fausto Vallejo, ya se hizo entre Gobernaci\u00f3n y el PRI nacional, ahora la diferencia es que tambi\u00e9n har\u00e1 uso de la palabra, el Comisario Alfredo Castillo Cervantes, quien ha estado muy al pendiente de todo lo que se dice y comenta del gobernador, y ser\u00e1 factor importante en la decisi\u00f3n que se tome, entre Miguel Angel Osorio Chong y C\u00e9sar Camacho y hasta el mismo presidente de M\u00e9xico, quien como usted recuerda, estuvo hace d\u00edas en Morelia, donde hizo una evaluaci\u00f3n del Acuerdo y dio, a conocer inversiones y la forma en que se cuidar\u00e1n los recursos. Finalmente creemos que debe prevalecer la ley en Michoac\u00e1n,\u00a0 se debe respetar la voluntad de los michoacanos, quienes eligieron en las urnas, a Fausto Vallejo para gobernar la entidad.<\/p>\n<p>PARECE QUE AHORA SIGUE LA MESETA<\/p>\n<p>El pasado fin de semana hubo varios bloqueos, en diferentes partes de la regi\u00f3n ind\u00edgena de Michoac\u00e1n, en la regi\u00f3n lacustre, en la Ci\u00e9naga de Zacapu, en la Ca\u00f1ada de los Once Pueblos y desde luego en la Meseta, las cuatro regiones que conforman la naci\u00f3n Pur\u00e9pecha, la declaraci\u00f3n un\u00e1nime fue que ah\u00ed no quieren ni a los autodefensas, ni a los grupos criminales y de ser necesario, dieron a conocer se levantar\u00e1n en armas, para cuidar sus pueblos y campos, as\u00ed como sus bosques y bueno ellos tienen su propio sistema de vigilancia, basado en sus usos y costumbres, lo cual se encuentra dentro de la ley, por lo cual no entendemos porqu\u00e9 sus actitudes violentas para darlo a conocer.<\/p>\n<p>HOY VIENE EMILIO CHUAYFEET SRIO DE EDUCACION<\/p>\n<p>Ya el titular de la Secretar\u00eda de Educaci\u00f3n, Jes\u00fas Sierra Arias tiene todo listo para la visita del titular de la Secretaria de Educaci\u00f3n, y es que usted sabe que Michoac\u00e1n hoy, es el principal rumbo de todos los integrantes del gabinete, todos estar\u00e1n en la entidad dando a conocer, programas extraordinarios, como lo han hecho hasta ahora todos los que han venido, en esta ocasi\u00f3n dijo Jes\u00fas Sierra Arias, titular de Educaci\u00f3n en la entidad, se tienen preparadas las peticiones y propuestas para don Emilio, entre las cuales destacan las siguientes:<\/p>\n<p>Mejorar la infraestructura escolar, aspecto en el cual se espera una respuesta importante en cuanto a inversiones, la educaci\u00f3n b\u00e1sica\u00a0 tiene prioridad, adem\u00e1s el nivel medio y superior, as\u00ed como el fortalecimiento de los programas federales educativos, adem\u00e1s desde luego se le informar\u00e1 de los esfuerzos que hace el gobierno del estado, a trav\u00e9s de la Secretaria de Educaci\u00f3n, para fortalecer la educaci\u00f3n en la entidad. En este aspecto tambi\u00e9n la dirigente estatal del SNTE, Ang\u00e9lica Reyes participar\u00e1, para ofrecerle su apoyo, para reestablecer el orden educativo en la entidad.<\/p>\n<p>EL PLEITO FIDEL-GODOY, \u00bfES PARA LAS GALERIAS?<\/p>\n<p>Hasta que los veamos ment\u00e1ndose la madre, en uno de los caf\u00e9s que hay en los muchos portales que tiene Morelia, lo vamos a creer mientras tenemos la seguridad, que es una divisi\u00f3n estrat\u00e9gica, porque en el Moduc no hay lugares para todos, los que aspiran a una posici\u00f3n y mire que van a ser muchas candidaturas, pero tambi\u00e9n en el PRD hay muchas corrientes y no hay suficientes candidaturas para todos, por ello el Moduc se divide y unos se quedan con Fidel y otros se van con Godoy, porque principalmente van por las candidaturas plurinominales, as\u00ed vea usted dentro del PRD Michoacano hay varias corrientes, y sucede que ellos designan a sus candidatos, en base al n\u00famero de consejeros que tienen, por eso es importante para las corrientes tener consejeros.<\/p>\n<p>Atendiendo a este criterio que se ha aplicado desde hace mucho tiempo, la mayor\u00eda de las candidaturas, les corresponder\u00edan a\u00a0 dos corrientes, que tienen mayor cantidad de consejeros, el Foro Nuevo Sol, que tiene 80 consejeros lo que significa, una respetable cantidad de candidaturas, para lo que usted guste, le sigue Alternativa Democr\u00e1tica de Carlos Torres Pi\u00f1a, que tiene 60 consejeros y despu\u00e9s el Frente Amplio Progresista de Fidel Calder\u00f3n, con 23 consejeros al que le corresponder\u00e1 tal vez una diputaci\u00f3n pluri, pero nada m\u00e1s, el Moduc con 17, y de ah\u00ed hacia abajo, la Nueva Izquierda de Cristina Portillo, tendr\u00e1 unos 14, Alianza Unidad Democr\u00e1tica 10.<\/p>\n<p>Aunque en ocasiones se unen dos o tres corrientes, para lograr suficientes votos, para candidaturas pero en general, como usted puede ver, la izquierda o el PRD se encuentra todo dividido, porque cada personaje crea su propia corriente, para poder tener candidaturas seguras, as\u00ed les conviene ser cabezas de rat\u00f3n, que colas de le\u00f3n, por eso creemos que Fidel y Leonel determinaron una separaci\u00f3n, para tener m\u00e1s posibilidades de candidaturas, ejemplo a final de cuentas estamos casi seguros, que Fidel Calder\u00f3n y Leonel Godoy, ser\u00e1n compa\u00f1eros de la pr\u00f3xima legislatura federal.<\/p>\n<p>EL PADRE GOYO OFICIO MISA PARA LOS AUTODEFENSAS<\/p>\n<p>Hubo mucha informaci\u00f3n en las redes viernes y s\u00e1bado, en relaci\u00f3n a los autodefensas y Apatzing\u00e1n, primero se dijo que el comisionado detuvo el arribo de los comunitarios, hasta que no les entregaran los uniformes de defensas rurales, finalmente en la misa que ofici\u00f3 el Padre Goyo, muy amigo del Padre Pistolas, por eso el Arzobispo Su\u00e1rez Inda no los quiere a los dos, se vieron a los integrantes de las autodefensas, solamente con playeras, que les regl\u00f3 el mismo padre quien en la misa en la Catedral, dijo cosas interesantes, finalmente el Ej\u00e9rcito, la polic\u00eda y los comunitarios, empezaron a tener control sobre Apatzing\u00e1n y al menos hasta ayer por la tarde, se manten\u00eda una paz tensa en la poblaci\u00f3n.<\/p>\n<p>HOY POR LA TARDE INFORME DE LA BANCADA PRIISTA<\/p>\n<p>A las 17 horas de hoy en el Multicentro\u00a0 Las Am\u00e9ricas, la bancada del PRI dar\u00e1 a conocer su informe de actividades legislativas, encabezada por Salvador Galv\u00e1n Infante, y sus compa\u00f1eros entre quienes destacan desde luego Marco Trejo, Jaime Dar\u00edo Oseguera, C\u00e9sar Ch\u00e1vez, Rigel Mac\u00edas, dentro de la programaci\u00f3n quien dar\u00e1 la bienvenida a los asistentes, ser\u00e1 el diputado V\u00edctor Manuel Barrag\u00e1n, ignoramos el por qu\u00e9 \u00e9l, despu\u00e9s se presentar\u00e1 un\u00a0 audiovisual con el trabajo de los integrantes de la bancada priista, y finalmente\u00a0 el mensaje ser\u00e1 dado por la diputada Rusa Mar\u00eda Molina, para finalmente cantar el himno nacional.\u00a0\u00a0\u00a0\u00a0\u00a0\u00a0\u00a0\u00a0\u00a0 Seguramente estar\u00e1 presente el gobernador del estado Fausto Vallejo, porque aunque no fue al informe legislativo de la bancada del PRD, si envi\u00f3 al Secretario de Gobierno Jes\u00fas Reyna Garc\u00eda, quien salud\u00f3 cordialmente a Fidel Calder\u00f3n y a Silvano Aureoles y a V\u00edctor B\u00e1ez, en cambio el gobernador s\u00ed asisti\u00f3 al informe de la bancada panista, por lo cual se espera que en esta ocasi\u00f3n, el gobernador est\u00e9 presente, en el informe de la bancada de su partido, el PRI.<\/p>\n","protected":false},"excerpt":{"rendered":"<p>+ UN A\u00d1O, 7 MESES Y 15 DIAS<br \/>\n+ \u00bfAHORA SIGUE LA MESETA?<br \/>\n+ \u00bfFIDEL VA CONTRA LEONEL?<br \/>\n+ GOYO: ROSARIO POR LA PAZ\t<\/p>\n","protected":false},"author":1,"featured_media":0,"comment_status":"open","ping_status":"open","sticky":false,"template":"","format":"standard","meta":{"footnotes":""},"categories":[4,14,10],"tags":[],"class_list":["post-5416","post","type-post","status-publish","format-standard","hentry","category-columnistas","category-destacadas","category-juan-manuel-belmonte"],"_links":{"self":[{"href":"https:\/\/radiowebmx.com\/nota\/wp-json\/wp\/v2\/posts\/5416","targetHints":{"allow":["GET"]}}],"collection":[{"href":"https:\/\/radiowebmx.com\/nota\/wp-json\/wp\/v2\/posts"}],"about":[{"href":"https:\/\/radiowebmx.com\/nota\/wp-json\/wp\/v2\/types\/post"}],"author":[{"embeddable":true,"href":"https:\/\/radiowebmx.com\/nota\/wp-json\/wp\/v2\/users\/1"}],"replies":[{"embeddable":true,"href":"https:\/\/radiowebmx.com\/nota\/wp-json\/wp\/v2\/comments?post=5416"}],"version-history":[{"count":1,"href":"https:\/\/radiowebmx.com\/nota\/wp-json\/wp\/v2\/posts\/5416\/revisions"}],"predecessor-version":[{"id":5417,"href":"https:\/\/radiowebmx.com\/nota\/wp-json\/wp\/v2\/posts\/5416\/revisions\/5417"}],"wp:attachment":[{"href":"https:\/\/radiowebmx.com\/nota\/wp-json\/wp\/v2\/media?parent=5416"}],"wp:term":[{"taxonomy":"category","embeddable":true,"href":"https:\/\/radiowebmx.com\/nota\/wp-json\/wp\/v2\/categories?post=5416"},{"taxonomy":"post_tag","embeddable":true,"href":"https:\/\/radiowebmx.com\/nota\/wp-json\/wp\/v2\/tags?post=5416"}],"curies":[{"name":"wp","href":"https:\/\/api.w.org\/{rel}","templated":true}]}}