{"id":54150,"date":"2018-06-03T17:06:36","date_gmt":"2018-06-03T22:06:36","guid":{"rendered":"https:\/\/radiowebmx.com\/nota\/?p=54150"},"modified":"2018-06-14T10:28:14","modified_gmt":"2018-06-14T15:28:14","slug":"ejecutar-obras-integrales-en-las-comunidades-de-las-tenencias-de-morelia-salvador-arvizu","status":"publish","type":"post","link":"https:\/\/radiowebmx.com\/nota\/ejecutar-obras-integrales-en-las-comunidades-de-las-tenencias-de-morelia-salvador-arvizu\/","title":{"rendered":"Ejecutar obras integrales en las comunidades de las tenencias de Morelia: Salvador Arvizu"},"content":{"rendered":"<p><img loading=\"lazy\" decoding=\"async\" class=\"\" src=\"https:\/\/attachment.outlook.live.net\/owa\/ultrapolitica@hotmail.com\/service.svc\/s\/GetAttachmentThumbnail?id=AQMkADAwATYwMAItODMyNi00ODU0LTAwAi0wMAoARgAAA5HawHgQuq9DrqMPu%2BRLC5sHANRV7lYdW%2FpNtd2j%2BEW2swoAAAIBDAAAANRV7lYdW%2FpNtd2j%2BEW2swoAAnS814kAAAABEgAQABuC%2BWLaFw9Mr0cWbYcH1Fg%3D&amp;thumbnailType=2&amp;X-OWA-CANARY=cU0nbjqwc0yhNaVwkJbz7sDAETML0tUYrBZSHSxY3dADNmKV5e0d2Zt51qTXn67dEnsmTOsuOA4.&amp;token=eyJhbGciOiJSUzI1NiIsImtpZCI6IjA2MDBGOUY2NzQ2MjA3MzdFNzM0MDRFMjg3QzQ1QTgxOENCN0NFQjgiLCJ4NXQiOiJCZ0Q1OW5SaUJ6Zm5OQVRpaDhSYWdZeTN6cmciLCJ0eXAiOiJKV1QifQ.eyJ2ZXIiOiJFeGNoYW5nZS5DYWxsYmFjay5WMSIsImFwcGN0eHNlbmRlciI6Ik93YURvd25sb2FkQDg0ZGY5ZTdmLWU5ZjYtNDBhZi1iNDM1LWFhYWFhYWFhYWFhYSIsImFwcGN0eCI6IntcIm1zZXhjaHByb3RcIjpcIm93YVwiLFwicHJpbWFyeXNpZFwiOlwiUy0xLTI4MjctMzkzMjE2LTIyMDAzMjQxODBcIixcInB1aWRcIjpcIjE2ODg4NTIwNjA1ODgxMTZcIixcIm9pZFwiOlwiMDAwNjAwMDAtODMyNi00ODU0LTAwMDAtMDAwMDAwMDAwMDAwXCIsXCJzY29wZVwiOlwiT3dhRG93bmxvYWRcIn0iLCJuYmYiOjE1Mjg5ODk3MjgsImV4cCI6MTUyODk5MDMyOCwiaXNzIjoiMDAwMDAwMDItMDAwMC0wZmYxLWNlMDAtMDAwMDAwMDAwMDAwQDg0ZGY5ZTdmLWU5ZjYtNDBhZi1iNDM1LWFhYWFhYWFhYWFhYSIsImF1ZCI6IjAwMDAwMDAyLTAwMDAtMGZmMS1jZTAwLTAwMDAwMDAwMDAwMC9hdHRhY2htZW50Lm91dGxvb2subGl2ZS5uZXRAODRkZjllN2YtZTlmNi00MGFmLWI0MzUtYWFhYWFhYWFhYWFhIn0.spnXlpxFykFi6CQOPfY-eFYAS16qdoiz_Th1EWjPLoh6UMCmRM9gi75HvseQOsVBJSVtJNBqeewxBeu93iGRbCdFJtZnXgioPwLI-9lAMRyLkcbz9lBGsUoGxbCEO4He5EqeulnFaAVxxcyL66XdAxwm7Tqh0k3WVSjs9JsoGWtWOg054R5FLUDT-aFbJXqWLJCQwR5DeMB5MTIHMQOcEp4ZBEFuYL923qDYBzGm26EAhUJFI4wAqL_J2tihcyIn7sa8wqo5EhSUl-Bok9gPdvO4rGFfm2zurUdQEuI9ffimfGMqxYnMcc6XC9gCFlpt6vOzTuxcfXQges1cquCkbg&amp;owa=outlook.live.com&amp;isc=1\" width=\"400\" height=\"300\" \/><\/p>\n<p>&nbsp;<\/p>\n<p>Hablando siempre con la verdad, as\u00ed como respetar las lenguas ind\u00edgenas, directrices del dec\u00e1logo de su campa\u00f1a, Salvador Arvizu inform\u00f3 ante a los habitantes de Cuanajillo el Grande, localidad de la Tenencia de Tac\u00edcuaro, las obras integrales que gestionar\u00e1 como diputado del Congreso local, mismas que vienen solicitando desde a\u00f1os atr\u00e1s sin que ninguna autoridad volte\u00e9 a verlos.<\/p>\n<p>Mencion\u00f3 que no solo se trata de impulsar obras en el asentamiento principal de la Tenencias, pues en promedio el 47 por ciento de los 27 mil 500 habitantes de Tac\u00edcuaro viven a lo largo de sus localidades como Cuanajillo. Es por eso que una de las obras que llevar\u00e1 a cabo es la pavimentaci\u00f3n y mejoramiento de las vialidades motolinea y Sor Juana, donde viven la mayor\u00eda de sus habitantes.<\/p>\n<p>El candidato de Morena para la diputaci\u00f3n local del distrito 16 Arvizu Cisneros mencion\u00f3 a los habitantes del Cuanajillo que impulsar\u00e1 proyectos productivos para impulsar a los artesanos de teja que residen en el lugar, as\u00ed como para las mujeres que se han convertido en jefas de familia por los efectos de la migraci\u00f3n. Por otro lado, tiene detectadas al menos dos escuelas de oficios que requieren de capital de trabajo para continuar operando y beneficiar a m\u00e1s personas.<\/p>\n<p>&nbsp;<\/p>\n","protected":false},"excerpt":{"rendered":"<p>&nbsp; Hablando siempre con la verdad, as\u00ed como respetar las lenguas ind\u00edgenas, directrices del dec\u00e1logo de su campa\u00f1a, Salvador Arvizu inform\u00f3 ante a los habitantes de Cuanajillo el Grande, localidad de la Tenencia de Tac\u00edcuaro, las obras integrales que gestionar\u00e1 como diputado del Congreso local, mismas que vienen solicitando desde a\u00f1os atr\u00e1s sin que ninguna [&hellip;]<\/p>\n","protected":false},"author":2,"featured_media":54151,"comment_status":"closed","ping_status":"closed","sticky":false,"template":"","format":"standard","meta":{"footnotes":""},"categories":[6,14],"tags":[],"class_list":["post-54150","post","type-post","status-publish","format-standard","has-post-thumbnail","hentry","category-congreso-del-estado","category-destacadas"],"_links":{"self":[{"href":"https:\/\/radiowebmx.com\/nota\/wp-json\/wp\/v2\/posts\/54150","targetHints":{"allow":["GET"]}}],"collection":[{"href":"https:\/\/radiowebmx.com\/nota\/wp-json\/wp\/v2\/posts"}],"about":[{"href":"https:\/\/radiowebmx.com\/nota\/wp-json\/wp\/v2\/types\/post"}],"author":[{"embeddable":true,"href":"https:\/\/radiowebmx.com\/nota\/wp-json\/wp\/v2\/users\/2"}],"replies":[{"embeddable":true,"href":"https:\/\/radiowebmx.com\/nota\/wp-json\/wp\/v2\/comments?post=54150"}],"version-history":[{"count":1,"href":"https:\/\/radiowebmx.com\/nota\/wp-json\/wp\/v2\/posts\/54150\/revisions"}],"predecessor-version":[{"id":54152,"href":"https:\/\/radiowebmx.com\/nota\/wp-json\/wp\/v2\/posts\/54150\/revisions\/54152"}],"wp:featuredmedia":[{"embeddable":true,"href":"https:\/\/radiowebmx.com\/nota\/wp-json\/wp\/v2\/media\/54151"}],"wp:attachment":[{"href":"https:\/\/radiowebmx.com\/nota\/wp-json\/wp\/v2\/media?parent=54150"}],"wp:term":[{"taxonomy":"category","embeddable":true,"href":"https:\/\/radiowebmx.com\/nota\/wp-json\/wp\/v2\/categories?post=54150"},{"taxonomy":"post_tag","embeddable":true,"href":"https:\/\/radiowebmx.com\/nota\/wp-json\/wp\/v2\/tags?post=54150"}],"curies":[{"name":"wp","href":"https:\/\/api.w.org\/{rel}","templated":true}]}}