{"id":54147,"date":"2018-06-13T16:24:18","date_gmt":"2018-06-13T21:24:18","guid":{"rendered":"https:\/\/radiowebmx.com\/nota\/?p=54147"},"modified":"2018-06-14T10:26:12","modified_gmt":"2018-06-14T15:26:12","slug":"llama-yarabi-avila-a-no-contaminar-los-procesos-de-fiscalizacion-municipal-y-estatal","status":"publish","type":"post","link":"https:\/\/radiowebmx.com\/nota\/llama-yarabi-avila-a-no-contaminar-los-procesos-de-fiscalizacion-municipal-y-estatal\/","title":{"rendered":"Llama Yarab\u00ed \u00c1vila a no contaminar los procesos de fiscalizaci\u00f3n municipal y estatal"},"content":{"rendered":"<p class=\"x_gmail-m-1387346131205965150ydpa6f20924yiv9857848594msonormal\"><strong>\u00b7\u00a0\u00a0\u00a0\u00a0\u00a0\u00a0\u00a0\u00a0\u00a0Ante una eventual renuncia del titular de la ASM, la diputada llam\u00f3 a los trabajadores a cerrar filas y enfocar los esfuerzos en los planes de fiscalizaci\u00f3n, estatal y municipales<\/strong><\/p>\n<p class=\"x_gmail-m-1387346131205965150ydpa6f20924yiv9857848594msonormal\"><b>\u00a0<\/b><\/p>\n<p class=\"x_gmail-m-1387346131205965150ydpa6f20924yiv9857848594msonormal\"><b>Morelia;\u00a0\u00a0Michoac\u00e1n, 13 de junio de 2018.-<\/b>\u00a0La diputada del PRI y presidenta de la comisi\u00f3n Inspectora de la Auditor\u00eda Superior de Michoac\u00e1n (ASM) en el Congreso del Estado, Yarab\u00ed \u00c1vila Gonz\u00e1lez llam\u00f3 a no contaminar los\u00a0\u00a0trabajos para concluir en tiempo y forma\u00a0\u00a0los planes de fiscalizaci\u00f3n estatal y municipal.<\/p>\n<p class=\"x_gmail-m-1387346131205965150ydpa6f20924yiv9857848594msonormal\">La representante popular, se pronunci\u00f3 ante el rumor de la renuncia del titular de la Auditor\u00eda Superior de Michoac\u00e1n (ASM) y se\u00f1al\u00f3 que se debe determinar los pendientes\u00a0\u00a0que persisten en la ASM, por cuya responsabilidad jur\u00f3 ante el Congreso del Estado, cuando tom\u00f3 protesta como responsable de esta \u00e1rea.<\/p>\n<p class=\"x_gmail-m-1387346131205965150ydpa6f20924yiv9857848594msonormal\">Refiri\u00f3 que en el caso del \u00e1rea jur\u00eddica, a\u00fan persisten 600 expedientes en tr\u00e1mite. Tambi\u00e9n dijo se debe de trabajar en el cierre total de la fiscalizaci\u00f3n del ejercicio 2016, en donde a\u00fan est\u00e1 por concluir el proceso de fiscalizaci\u00f3n con la Secretar\u00eda de Finanzas, la Universidad Michoacana de San Nicol\u00e1s de Hidalgo, el Sistema Desarrollo Integral para la Familia DIF, y la secretar\u00eda de Educaci\u00f3n en el Estado.<\/p>\n<p class=\"x_gmail-m-1387346131205965150ydpa6f20924yiv9857848594msonormal\">Agreg\u00f3 que adem\u00e1s se deben de consumar las auditor\u00edas especiales que fueron mandatadas por el Pleno y que a\u00fan no han sido concluidas, por lo que llam\u00f3 a redoblar esfuerzos para trabajar de manera conjunta, en equipo y con responsabilidad para hacer frente a estos rezagos.<\/p>\n<p class=\"x_gmail-m-1387346131205965150ydpa6f20924yiv9857848594msonormal\">La diputada tricolor, reconoci\u00f3 la valiosa aportaci\u00f3n de los trabajadores de la ASM y les se\u00f1al\u00f3 que cuentan con su respaldo en las acciones que lleven a cabo para avanzar en estos trabajos, por lo que dijo que ante un posible escenario, no se deben escatimar esfuerzos para sacar adelante el trabajo de la ASM.<\/p>\n<p class=\"x_gmail-m-1387346131205965150ydpa6f20924yiv9857848594msonormal\">Finalmente \u00c1vila Gonz\u00e1lez reconoci\u00f3 el esfuerzo de los trabajadores de la Auditor\u00eda Superior de Michoac\u00e1n, quienes pese a las limitaciones de recursos humanos y materiales, realizan su trabajo y se esfuerzan por sacarlo de la mejor manera.<\/p>\n<p class=\"x_gmail-m-1387346131205965150ydpa6f20924yiv9857848594msonormal\">\u201cEl compromiso pese a las limitaciones materiales y econ\u00f3micas que tienen los trabajadores de esta instancia del Congreso del Estado demuestran que dentro de la ASM existen muy buenos y valiosos elementos que han dado la cara por la instituci\u00f3n y han logrado sacar adelante el trabajo\u201d, dijo la legisladora priista,\u00a0\u00a0al revalidar su compromiso con la transparencia y rendici\u00f3n de cuentas.<\/p>\n","protected":false},"excerpt":{"rendered":"<p>\u00b7\u00a0\u00a0\u00a0\u00a0\u00a0\u00a0\u00a0\u00a0\u00a0Ante una eventual renuncia del titular de la ASM, la diputada llam\u00f3 a los trabajadores a cerrar filas y enfocar los esfuerzos en los planes de fiscalizaci\u00f3n, estatal y municipales \u00a0 Morelia;\u00a0\u00a0Michoac\u00e1n, 13 de junio de 2018.-\u00a0La diputada del PRI y presidenta de la comisi\u00f3n Inspectora de la Auditor\u00eda Superior de Michoac\u00e1n (ASM) en el [&hellip;]<\/p>\n","protected":false},"author":2,"featured_media":54148,"comment_status":"closed","ping_status":"closed","sticky":false,"template":"","format":"standard","meta":{"footnotes":""},"categories":[6,14],"tags":[],"class_list":["post-54147","post","type-post","status-publish","format-standard","has-post-thumbnail","hentry","category-congreso-del-estado","category-destacadas"],"_links":{"self":[{"href":"https:\/\/radiowebmx.com\/nota\/wp-json\/wp\/v2\/posts\/54147","targetHints":{"allow":["GET"]}}],"collection":[{"href":"https:\/\/radiowebmx.com\/nota\/wp-json\/wp\/v2\/posts"}],"about":[{"href":"https:\/\/radiowebmx.com\/nota\/wp-json\/wp\/v2\/types\/post"}],"author":[{"embeddable":true,"href":"https:\/\/radiowebmx.com\/nota\/wp-json\/wp\/v2\/users\/2"}],"replies":[{"embeddable":true,"href":"https:\/\/radiowebmx.com\/nota\/wp-json\/wp\/v2\/comments?post=54147"}],"version-history":[{"count":1,"href":"https:\/\/radiowebmx.com\/nota\/wp-json\/wp\/v2\/posts\/54147\/revisions"}],"predecessor-version":[{"id":54149,"href":"https:\/\/radiowebmx.com\/nota\/wp-json\/wp\/v2\/posts\/54147\/revisions\/54149"}],"wp:featuredmedia":[{"embeddable":true,"href":"https:\/\/radiowebmx.com\/nota\/wp-json\/wp\/v2\/media\/54148"}],"wp:attachment":[{"href":"https:\/\/radiowebmx.com\/nota\/wp-json\/wp\/v2\/media?parent=54147"}],"wp:term":[{"taxonomy":"category","embeddable":true,"href":"https:\/\/radiowebmx.com\/nota\/wp-json\/wp\/v2\/categories?post=54147"},{"taxonomy":"post_tag","embeddable":true,"href":"https:\/\/radiowebmx.com\/nota\/wp-json\/wp\/v2\/tags?post=54147"}],"curies":[{"name":"wp","href":"https:\/\/api.w.org\/{rel}","templated":true}]}}