{"id":54141,"date":"2018-06-13T18:59:18","date_gmt":"2018-06-13T23:59:18","guid":{"rendered":"https:\/\/radiowebmx.com\/nota\/?p=54141"},"modified":"2018-06-14T10:19:51","modified_gmt":"2018-06-14T15:19:51","slug":"respalda-semacm-a-geronimo-color","status":"publish","type":"post","link":"https:\/\/radiowebmx.com\/nota\/respalda-semacm-a-geronimo-color\/","title":{"rendered":"Respalda SEMACM a Ger\u00f3nimo Color"},"content":{"rendered":"<p><img loading=\"lazy\" decoding=\"async\" class=\"\" src=\"https:\/\/attachment.outlook.live.net\/owa\/radiowebb@hotmail.com\/service.svc\/s\/GetAttachmentThumbnail?id=AQMkADAwATY0MDABLTk4MTctN2M1YS0wMAItMDAKAEYAAAOOW0aEhSUfTpTeQ3RRo4dLBwDbNPbMXMQTTr8HPYjb7YmwAAACAQwAAADbNPbMXMQTTr8HPYjb7YmwAAJEOH1JAAAAARIAEABE1l0S8s0OS5ZksQgqTt3W&amp;thumbnailType=2&amp;X-OWA-CANARY=NW9dZ_SQ40uwTrYhDDhwzgBDBSAK0tUY9wwGyNQFPy2IRV0OwNRmIW6IrYNskQtWvaChzcuxj7E.&amp;token=eyJhbGciOiJSUzI1NiIsImtpZCI6IjA2MDBGOUY2NzQ2MjA3MzdFNzM0MDRFMjg3QzQ1QTgxOENCN0NFQjgiLCJ4NXQiOiJCZ0Q1OW5SaUJ6Zm5OQVRpaDhSYWdZeTN6cmciLCJ0eXAiOiJKV1QifQ.eyJ2ZXIiOiJFeGNoYW5nZS5DYWxsYmFjay5WMSIsImFwcGN0eHNlbmRlciI6Ik93YURvd25sb2FkQDg0ZGY5ZTdmLWU5ZjYtNDBhZi1iNDM1LWFhYWFhYWFhYWFhYSIsImFwcGN0eCI6IntcIm1zZXhjaHByb3RcIjpcIm93YVwiLFwicHJpbWFyeXNpZFwiOlwiUy0xLTI4MjctNDA5NjAwLTI1NTE2NzU5OTRcIixcInB1aWRcIjpcIjE3NTkyMjExNTYxMTc1OTRcIixcIm9pZFwiOlwiMDAwNjQwMDAtOTgxNy03YzVhLTAwMDAtMDAwMDAwMDAwMDAwXCIsXCJzY29wZVwiOlwiT3dhRG93bmxvYWRcIn0iLCJuYmYiOjE1Mjg5ODk0MzIsImV4cCI6MTUyODk5MDAzMiwiaXNzIjoiMDAwMDAwMDItMDAwMC0wZmYxLWNlMDAtMDAwMDAwMDAwMDAwQDg0ZGY5ZTdmLWU5ZjYtNDBhZi1iNDM1LWFhYWFhYWFhYWFhYSIsImF1ZCI6IjAwMDAwMDAyLTAwMDAtMGZmMS1jZTAwLTAwMDAwMDAwMDAwMC9hdHRhY2htZW50Lm91dGxvb2subGl2ZS5uZXRAODRkZjllN2YtZTlmNi00MGFmLWI0MzUtYWFhYWFhYWFhYWFhIn0.CAQQOPEIbAG4vWVLP810FnT47uv5TobfU4lQAHs6ZMxI8Yr-0Ccc3bpgoGTRZGEe9L-2qwigcMC9bOa9XZQdkR3ghaYDRiq5abv0v1K0Byj_Bye_B6dYMdYW8IgTx-VwRrmvwKfE0LZSlo1EMlXvyHqIMPLe-PiSnSGAC9neYh-wHLD-gli6330nGwYrFJAqCJJl7QXJ_qjweopEKIHaqZd38tYuZbrkEnoogpCE3zEjYIwpkpgpuQjbano85yLrUecEYFgAr4KgDMA0LnsLOgyu2ymK5j4ErV3EIOUCdMZojEgetoX7ErlxZFptiDrMRzA-bD6Oax5idrK-KOl8Dw&amp;owa=outlook.live.com&amp;isc=1\" width=\"399\" height=\"266\" \/><\/p>\n<p>&nbsp;<\/p>\n<ul>\n<li><strong>\u201cSer\u00e9 un aliado de los trabajadores que han aportado tanto a Morelia\u201d, afirm\u00f3<\/strong><\/li>\n<\/ul>\n<div><\/div>\n<div>El candidato del Partido Revolucionario Institucional (PRI) para la diputaci\u00f3n federal del Distrito 10 de Morelia, Ger\u00f3nimo Color Gasca, fue recibido por cientos de trabajadores del Sindicato de Empleados Municipales, Administrativos y Conexos de Morelia (SEMACM), quienes manifestaron su apoyo para coadyuvar a que el pri\u00edsta obtenga el triunfo el pr\u00f3ximo 1 de julio.<\/div>\n<div><\/div>\n<div>En un evento convocado por el l\u00edder sindical, Jorge Molina S\u00e1nchez, el abanderado pri\u00edsta destac\u00f3 que \u201csoy orgullosamente moreliano y les hago el m\u00e1s grande reconocimiento por todo lo que han construido, por mantener hermosa nuestra capital y ser pioneros en pelear por espacios para las personas con discapacidad, lo que tenemos que agradecer a la fuerza del SEMACM\u201d.<\/div>\n<div><\/div>\n<div>Por ello, ratific\u00f3 su compromiso por legislar en favor del crecimiento de Morelia, pero particularmente destac\u00f3 el importante papel que cada trabajador tendr\u00e1 en la pr\u00f3xima administraci\u00f3n, que confi\u00f3, estar\u00e1 encabezada por Daniela de los Santos Torres.<\/div>\n<div><\/div>\n<div>\u201cEsta organizaci\u00f3n ya de por s\u00ed fuerte va a ser m\u00e1s fuerte, tendr\u00e1 en mi a un aliado y en Daniela a una compa\u00f1era de batalla m\u00e1s en las filas del SEMACM, por eso les pido con humildad que nos ayuden, y desde ahora les doy las gracias a quienes defender\u00e1n el voto en cada casilla\u201d, afirm\u00f3.<\/div>\n<div><\/div>\n<div>En ese sentido, puntualiz\u00f3 que se trabajar\u00e1 en conjunto con el municipio para mejorar los servicios municipales y garantizar el acceso al agua potable.<\/div>\n<div><\/div>\n<div>En tanto, los agremiados al SEMACM, expusieron que han sido v\u00edctimas de situaciones que \u201cno son favorables\u201d para su desempe\u00f1o laboral, por lo que insistieron en que desde su organizaci\u00f3n promover\u00e1n el voto para Ger\u00f3nimo Color y los candidatos del PRI.<\/div>\n","protected":false},"excerpt":{"rendered":"<p>&nbsp; \u201cSer\u00e9 un aliado de los trabajadores que han aportado tanto a Morelia\u201d, afirm\u00f3 El candidato del Partido Revolucionario Institucional (PRI) para la diputaci\u00f3n federal del Distrito 10 de Morelia, Ger\u00f3nimo Color Gasca, fue recibido por cientos de trabajadores del Sindicato de Empleados Municipales, Administrativos y Conexos de Morelia (SEMACM), quienes manifestaron su apoyo para [&hellip;]<\/p>\n","protected":false},"author":2,"featured_media":54142,"comment_status":"closed","ping_status":"closed","sticky":false,"template":"","format":"standard","meta":{"footnotes":""},"categories":[14,90],"tags":[],"class_list":["post-54141","post","type-post","status-publish","format-standard","has-post-thumbnail","hentry","category-destacadas","category-elecciones-2018"],"_links":{"self":[{"href":"https:\/\/radiowebmx.com\/nota\/wp-json\/wp\/v2\/posts\/54141","targetHints":{"allow":["GET"]}}],"collection":[{"href":"https:\/\/radiowebmx.com\/nota\/wp-json\/wp\/v2\/posts"}],"about":[{"href":"https:\/\/radiowebmx.com\/nota\/wp-json\/wp\/v2\/types\/post"}],"author":[{"embeddable":true,"href":"https:\/\/radiowebmx.com\/nota\/wp-json\/wp\/v2\/users\/2"}],"replies":[{"embeddable":true,"href":"https:\/\/radiowebmx.com\/nota\/wp-json\/wp\/v2\/comments?post=54141"}],"version-history":[{"count":1,"href":"https:\/\/radiowebmx.com\/nota\/wp-json\/wp\/v2\/posts\/54141\/revisions"}],"predecessor-version":[{"id":54143,"href":"https:\/\/radiowebmx.com\/nota\/wp-json\/wp\/v2\/posts\/54141\/revisions\/54143"}],"wp:featuredmedia":[{"embeddable":true,"href":"https:\/\/radiowebmx.com\/nota\/wp-json\/wp\/v2\/media\/54142"}],"wp:attachment":[{"href":"https:\/\/radiowebmx.com\/nota\/wp-json\/wp\/v2\/media?parent=54141"}],"wp:term":[{"taxonomy":"category","embeddable":true,"href":"https:\/\/radiowebmx.com\/nota\/wp-json\/wp\/v2\/categories?post=54141"},{"taxonomy":"post_tag","embeddable":true,"href":"https:\/\/radiowebmx.com\/nota\/wp-json\/wp\/v2\/tags?post=54141"}],"curies":[{"name":"wp","href":"https:\/\/api.w.org\/{rel}","templated":true}]}}