{"id":5414,"date":"2014-02-10T12:22:59","date_gmt":"2014-02-10T18:22:59","guid":{"rendered":"https:\/\/radiowebmx.com\/nota\/?p=5414"},"modified":"2014-02-10T12:22:59","modified_gmt":"2014-02-10T18:22:59","slug":"a-actuar-con-prudencia-y-a-ser-solidario-con-michoacan-convoca-fausto-vallejo-al-sindicato-del-stje","status":"publish","type":"post","link":"https:\/\/radiowebmx.com\/nota\/a-actuar-con-prudencia-y-a-ser-solidario-con-michoacan-convoca-fausto-vallejo-al-sindicato-del-stje\/","title":{"rendered":"A ACTUAR CON PRUDENCIA Y A SER SOLIDARIO CON MICHOAC\u00c1N, CONVOCA FAUSTO VALLEJO AL SINDICATO DEL STJE"},"content":{"rendered":"<p>En estricto respeto a la divisi\u00f3n de poderes, a la autonom\u00eda del Poder Judicial y a los derechos laborales de sus empleados, el gobernador Fausto Vallejo Figueroa convoc\u00f3 al Sindicato de Trabajadores del Supremo Tribunal de Justicia del Estado a actuar con mesura, comprensi\u00f3n y solidaridad con el Michoac\u00e1n que en estos momentos demanda de la participaci\u00f3n de todos y de la suma de esfuerzos para superar la etapa dif\u00edcil por la que atraviesa.<\/p>\n<p>\u201cEs momento de que todos pongamos nuestro grano de arena para fortalecer a las instituciones y avanzar juntos hacia mejores estadios de desarrollo\u201d, destac\u00f3 el mandatario estatal al enviar un mensaje a los trabajadores del Supremo Tribunal de Justicia del Estado que se mantienen en huelga, lo que est\u00e1 dilatando los procesos de administraci\u00f3n de justicia para los michoacanos.<\/p>\n<p>En su mensaje emitido este domingo, Vallejo Figueroa mencion\u00f3 que han quedado atr\u00e1s los tiempos de las grandes conquistas sindicales basadas en crecientes asignaciones presupuestarias, y valor\u00f3 que los trabajadores gozan hoy en d\u00eda de diversos beneficios que dan certeza a su actividad laboral, al contar con una serie de prestaciones obtenidas a lo largo de muchos a\u00f1os.<\/p>\n<p>Sin embargo, ante las dificultades econ\u00f3micas por las que atraviesa el Estado, hoy en d\u00eda resulta dif\u00edcil para las instituciones de Michoac\u00e1n responder a todas las demandas y exigencias de los trabajadores; \u201choy m\u00e1s que nunca nuestra entidad requiere de la solidaridad y del respaldo de sus hombres y mujeres, sobre todo de quienes cumplen una labor al frente de \u00e1reas de servicio p\u00fablico para los michoacanos\u201d, asever\u00f3.<\/p>\n<p>Vallejo Figueroa ratific\u00f3 que el Estado siempre ha sido respetuoso del derecho que tienen los trabajadores para manifestar sus ideas y solicitar mejoras salariales y contractuales, pero en esta ocasi\u00f3n Michoac\u00e1n atraviesa por un momento muy complicado y es dif\u00edcil responder favorablemente a las actuales demandas del Sindicato \u00danico de Trabajadores al Servicio del Poder Judicial de la entidad.<\/p>\n<p>Bajo la certeza de que Michoac\u00e1n necesita del compromiso de todos, el titular del Ejecutivo estatal confi\u00f3 en que los trabajadores ser\u00e1n flexibles en su postura sindical y coadyuvar\u00e1n a que el Poder Judicial reanude actividades para evitar dilaciones procesales en la impartici\u00f3n de justicia para los michoacanos.<b><\/b><\/p>\n","protected":false},"excerpt":{"rendered":"<p>En estricto respeto a la divisi\u00f3n de poderes, a la autonom\u00eda del Poder Judicial y a los derechos laborales de sus empleados, el gobernador Fausto Vallejo Figueroa convoc\u00f3 al Sindicato de Trabajadores del Supremo Tribunal de Justicia del Estado a actuar con mesura<\/p>\n","protected":false},"author":1,"featured_media":0,"comment_status":"open","ping_status":"open","sticky":false,"template":"","format":"standard","meta":{"footnotes":""},"categories":[3],"tags":[],"class_list":["post-5414","post","type-post","status-publish","format-standard","hentry","category-gobierno-del-estado-de-michoacan"],"_links":{"self":[{"href":"https:\/\/radiowebmx.com\/nota\/wp-json\/wp\/v2\/posts\/5414","targetHints":{"allow":["GET"]}}],"collection":[{"href":"https:\/\/radiowebmx.com\/nota\/wp-json\/wp\/v2\/posts"}],"about":[{"href":"https:\/\/radiowebmx.com\/nota\/wp-json\/wp\/v2\/types\/post"}],"author":[{"embeddable":true,"href":"https:\/\/radiowebmx.com\/nota\/wp-json\/wp\/v2\/users\/1"}],"replies":[{"embeddable":true,"href":"https:\/\/radiowebmx.com\/nota\/wp-json\/wp\/v2\/comments?post=5414"}],"version-history":[{"count":1,"href":"https:\/\/radiowebmx.com\/nota\/wp-json\/wp\/v2\/posts\/5414\/revisions"}],"predecessor-version":[{"id":5415,"href":"https:\/\/radiowebmx.com\/nota\/wp-json\/wp\/v2\/posts\/5414\/revisions\/5415"}],"wp:attachment":[{"href":"https:\/\/radiowebmx.com\/nota\/wp-json\/wp\/v2\/media?parent=5414"}],"wp:term":[{"taxonomy":"category","embeddable":true,"href":"https:\/\/radiowebmx.com\/nota\/wp-json\/wp\/v2\/categories?post=5414"},{"taxonomy":"post_tag","embeddable":true,"href":"https:\/\/radiowebmx.com\/nota\/wp-json\/wp\/v2\/tags?post=5414"}],"curies":[{"name":"wp","href":"https:\/\/api.w.org\/{rel}","templated":true}]}}