{"id":54130,"date":"2018-06-13T13:22:31","date_gmt":"2018-06-13T18:22:31","guid":{"rendered":"https:\/\/radiowebmx.com\/nota\/?p=54130"},"modified":"2018-06-13T13:22:31","modified_gmt":"2018-06-13T18:22:31","slug":"placido-domingo-y-juan-diego-florez-abren-la-gran-fiesta-rusia-2018","status":"publish","type":"post","link":"https:\/\/radiowebmx.com\/nota\/placido-domingo-y-juan-diego-florez-abren-la-gran-fiesta-rusia-2018\/","title":{"rendered":"Pl\u00e1cido Domingo y Juan Diego Fl\u00f3rez abren la gran fiesta Rusia 2018"},"content":{"rendered":"<p>Mosc\u00fa 13 jun (Agencias).- Los tenores Pl\u00e1cido Domingo y Juan Diego Fl\u00f3rez ser\u00e1n las estrellas invitadas en el gran concierto de gala que se celebrar\u00e1 ma\u00f1ana en la Plaza Roja de Mosc\u00fa, un d\u00eda entes de que comience el Mundial de F\u00fatbol de Rusia 2018.<\/p>\n<p>\u201cEste concierto ser\u00e1 un acontecimiento importante no solo para los rusos sino tambi\u00e9n para todos los visitantes de la capital al reunir en un mismo escenario a los mejores int\u00e9rpretes del repertorio cl\u00e1sico\u201d, dijeron a Efe los organizadores del evento.<\/p>\n","protected":false},"excerpt":{"rendered":"<p>Mosc\u00fa 13 jun (Agencias).- Los tenores Pl\u00e1cido Domingo y Juan Diego Fl\u00f3rez ser\u00e1n las estrellas invitadas en el gran concierto de gala que se celebrar\u00e1 ma\u00f1ana en la Plaza Roja de Mosc\u00fa, un d\u00eda entes de que comience el Mundial de F\u00fatbol de Rusia 2018. \u201cEste concierto ser\u00e1 un acontecimiento importante no solo para los [&hellip;]<\/p>\n","protected":false},"author":2,"featured_media":54131,"comment_status":"closed","ping_status":"closed","sticky":false,"template":"","format":"standard","meta":{"footnotes":""},"categories":[14],"tags":[],"class_list":["post-54130","post","type-post","status-publish","format-standard","has-post-thumbnail","hentry","category-destacadas"],"_links":{"self":[{"href":"https:\/\/radiowebmx.com\/nota\/wp-json\/wp\/v2\/posts\/54130","targetHints":{"allow":["GET"]}}],"collection":[{"href":"https:\/\/radiowebmx.com\/nota\/wp-json\/wp\/v2\/posts"}],"about":[{"href":"https:\/\/radiowebmx.com\/nota\/wp-json\/wp\/v2\/types\/post"}],"author":[{"embeddable":true,"href":"https:\/\/radiowebmx.com\/nota\/wp-json\/wp\/v2\/users\/2"}],"replies":[{"embeddable":true,"href":"https:\/\/radiowebmx.com\/nota\/wp-json\/wp\/v2\/comments?post=54130"}],"version-history":[{"count":1,"href":"https:\/\/radiowebmx.com\/nota\/wp-json\/wp\/v2\/posts\/54130\/revisions"}],"predecessor-version":[{"id":54132,"href":"https:\/\/radiowebmx.com\/nota\/wp-json\/wp\/v2\/posts\/54130\/revisions\/54132"}],"wp:featuredmedia":[{"embeddable":true,"href":"https:\/\/radiowebmx.com\/nota\/wp-json\/wp\/v2\/media\/54131"}],"wp:attachment":[{"href":"https:\/\/radiowebmx.com\/nota\/wp-json\/wp\/v2\/media?parent=54130"}],"wp:term":[{"taxonomy":"category","embeddable":true,"href":"https:\/\/radiowebmx.com\/nota\/wp-json\/wp\/v2\/categories?post=54130"},{"taxonomy":"post_tag","embeddable":true,"href":"https:\/\/radiowebmx.com\/nota\/wp-json\/wp\/v2\/tags?post=54130"}],"curies":[{"name":"wp","href":"https:\/\/api.w.org\/{rel}","templated":true}]}}