{"id":54127,"date":"2018-06-13T13:17:04","date_gmt":"2018-06-13T18:17:04","guid":{"rendered":"https:\/\/radiowebmx.com\/nota\/?p=54127"},"modified":"2018-06-13T13:17:04","modified_gmt":"2018-06-13T18:17:04","slug":"el-analfabetismo-tecnologico-deteriora-la-salud-de-los-mayores","status":"publish","type":"post","link":"https:\/\/radiowebmx.com\/nota\/el-analfabetismo-tecnologico-deteriora-la-salud-de-los-mayores\/","title":{"rendered":"El analfabetismo tecnol\u00f3gico deteriora la salud de los mayores"},"content":{"rendered":"<p>Las Vegas 13 jun (Agencias).- En todo el planeta es com\u00fan ver ni\u00f1os menores de 4 a\u00f1os usar con propiedad instrumentos de alta tecnolog\u00eda, los adultos se asombran al ver tanta destreza infantil. Desde alg\u00fan rinc\u00f3n, un abuelo observa m\u00e1s que con asombro, con incredulidad\u2026 la brecha generacional aumenta y sin pausa, lo va dejando atr\u00e1s.<\/p>\n<p>\u201cLa ciencia y tecnolog\u00eda vive momentos inimaginables para la sociedad, pero hay que ser conscientes que la evoluci\u00f3n no toma en cuenta a qui\u00e9n aplaste o desaparezca\u201d, se\u00f1ala Ana Hern\u00e1ndez L\u00f3pez, venezolana y magister en andragog\u00eda, dedicada actualmente a preparar actualizaci\u00f3n de la Tercera Edad en los campos de comunicaci\u00f3n.<\/p>\n<p>Hern\u00e1ndez L\u00f3pez refiere que \u201cla sociedad del siglo XXI requiere una educaci\u00f3n que responda a sus necesidades y que utilice en sus procesos de ense\u00f1anza-aprendizaje las Tecnolog\u00edas de la Informaci\u00f3n y la Comunicaci\u00f3n como un medio para el desarrollo continuo del ser humano; este objetivo es posible gracias al empleo de la investigaci\u00f3n-acci\u00f3n. La din\u00e1mica cambiante de la ense\u00f1anza actual, cruzada por innovaciones tecnol\u00f3gicas, requiere el continuo desarrollo de teor\u00edas en la acci\u00f3n y para esto, la investigaci\u00f3n-acci\u00f3n es un paradigma disponible\u201d.<\/p>\n<p>Seg\u00fan la especialista en andragog\u00eda, si los organismos encargados de facilitar educaci\u00f3n no valoran la importancia en adecuar su pensa curricular al paso de la evoluci\u00f3n tecnol\u00f3gica, \u201ccada d\u00eda aumentar\u00e1 el analfabetismo funcional, principalmente en las naciones en deterioro social y tal situaci\u00f3n tiene consecuencias graves en la salud de los mayores, quienes sienten ser desplazados y muchas veces humillados ante lo que es capaz de hacer un infante iletrado, frente a ellos con paredes llenos de diplomas y medallas\u201d<\/p>\n<p>Dale un parao a la Negaci\u00f3n Tecnol\u00f3gica<\/p>\n<p>La especialista se ha puesto como tarea, conjugar con profesionales diversos -que incluye, adem\u00e1s de educadores-, a psic\u00f3logos, comunicadores, orientadores, soci\u00f3logos e ingenieros de la computaci\u00f3n, para ofrecer a los diversos organismos y ONG de Am\u00e9rica Latina, talleres y cursos gratis, en procura de facilitar el acercamiento de la brecha generacional de la Tercera Edad, con las herramientas modernas, \u201cel problema mayor a vencer son los miedos que perviven en el subconsciente del individuo mayor, que tiene temor a verse haciendo el rid\u00edculo ante la modernidad, a esos temores es que hay que darle un parao\u201d, apunta.<\/p>\n","protected":false},"excerpt":{"rendered":"<p>Las Vegas 13 jun (Agencias).- En todo el planeta es com\u00fan ver ni\u00f1os menores de 4 a\u00f1os usar con propiedad instrumentos de alta tecnolog\u00eda, los adultos se asombran al ver tanta destreza infantil. Desde alg\u00fan rinc\u00f3n, un abuelo observa m\u00e1s que con asombro, con incredulidad\u2026 la brecha generacional aumenta y sin pausa, lo va dejando [&hellip;]<\/p>\n","protected":false},"author":2,"featured_media":54128,"comment_status":"closed","ping_status":"closed","sticky":false,"template":"","format":"standard","meta":{"footnotes":""},"categories":[14],"tags":[],"class_list":["post-54127","post","type-post","status-publish","format-standard","has-post-thumbnail","hentry","category-destacadas"],"_links":{"self":[{"href":"https:\/\/radiowebmx.com\/nota\/wp-json\/wp\/v2\/posts\/54127","targetHints":{"allow":["GET"]}}],"collection":[{"href":"https:\/\/radiowebmx.com\/nota\/wp-json\/wp\/v2\/posts"}],"about":[{"href":"https:\/\/radiowebmx.com\/nota\/wp-json\/wp\/v2\/types\/post"}],"author":[{"embeddable":true,"href":"https:\/\/radiowebmx.com\/nota\/wp-json\/wp\/v2\/users\/2"}],"replies":[{"embeddable":true,"href":"https:\/\/radiowebmx.com\/nota\/wp-json\/wp\/v2\/comments?post=54127"}],"version-history":[{"count":1,"href":"https:\/\/radiowebmx.com\/nota\/wp-json\/wp\/v2\/posts\/54127\/revisions"}],"predecessor-version":[{"id":54129,"href":"https:\/\/radiowebmx.com\/nota\/wp-json\/wp\/v2\/posts\/54127\/revisions\/54129"}],"wp:featuredmedia":[{"embeddable":true,"href":"https:\/\/radiowebmx.com\/nota\/wp-json\/wp\/v2\/media\/54128"}],"wp:attachment":[{"href":"https:\/\/radiowebmx.com\/nota\/wp-json\/wp\/v2\/media?parent=54127"}],"wp:term":[{"taxonomy":"category","embeddable":true,"href":"https:\/\/radiowebmx.com\/nota\/wp-json\/wp\/v2\/categories?post=54127"},{"taxonomy":"post_tag","embeddable":true,"href":"https:\/\/radiowebmx.com\/nota\/wp-json\/wp\/v2\/tags?post=54127"}],"curies":[{"name":"wp","href":"https:\/\/api.w.org\/{rel}","templated":true}]}}