{"id":54120,"date":"2018-06-13T12:59:51","date_gmt":"2018-06-13T17:59:51","guid":{"rendered":"https:\/\/radiowebmx.com\/nota\/?p=54120"},"modified":"2018-06-13T12:59:51","modified_gmt":"2018-06-13T17:59:51","slug":"queremos-hechos-no-promesas-vecinos-de-ciudad-jardin","status":"publish","type":"post","link":"https:\/\/radiowebmx.com\/nota\/queremos-hechos-no-promesas-vecinos-de-ciudad-jardin\/","title":{"rendered":"Queremos hechos, no promesas: Vecinos de Ciudad Jard\u00edn"},"content":{"rendered":"<p><strong>-Habitantes de la zona se\u00f1alaron que el pr\u00f3ximo 1 de julio su voto ir\u00e1 para quienes han apoyado desde siempre el desarrollo de su colonia, como el candidato a diputado federal, Wilfrido L\u00e1zaro Medina.<\/strong><\/p>\n<p>Morelia, Michoac\u00e1n, 13 de junio de 2018.- Morelia requiere servidores p\u00fablicos que realicen acciones en favor de la ciudadan\u00eda y no solamente hagan promesas durante las campa\u00f1as electorales, exigieron vecinos de Ciudad Jard\u00edn, quienes no han visto mejoras en su colonia en los \u00faltimos a\u00f1os.<\/p>\n<p>Mar\u00eda Dolores Pi\u00f1a Gayt\u00e1n, habitante de Ciudad Jard\u00edn, se\u00f1al\u00f3 que existen diversas necesidades que no han sido atendidas por la actual administraci\u00f3n, la cual no dio continuidad a los trabajos realizados durante el gobierno de Wilfrido L\u00e1zaro Medina.<\/p>\n<p>\u201cNosotros no tenemos ning\u00fan apoyo de la actual administraci\u00f3n. Cuando el profesor Wilfrido L\u00e1zaro Medina fue presidente municipal estuvimos muy contentos porque gracias a \u00e9l se lograron muchas cosas en Ciudad Jard\u00edn. Se pavimentaron calles y se abri\u00f3 un comedor\u201d.<\/p>\n<p>Se\u00f1al\u00f3 que con Wilfrido L\u00e1zaro al frente del municipio, estaba por concluir el proceso de la regularizaci\u00f3n de Ciudad Jard\u00edn, tr\u00e1mite que no continu\u00f3 la actual administraci\u00f3n, lo que ha dejado pr\u00e1cticamente en el olvido a dicho asentamiento.<\/p>\n<p>\u201cAhora tenemos muchos problemas porque nos hace falta pavimentar calles, no tenemos agua, ni drenaje en buenas condiciones ni alumbrado p\u00fablico; llamamos a las autoridades y no vienen\u201d.<\/p>\n<p>Al respecto, el candidato del PRI a diputado federal por el Distrito 08 de Morelia, Wilfrido L\u00e1zaro Medina, resalt\u00f3 en su visita a Ciudad Jard\u00edn que como gestor desde el Congreso de la Uni\u00f3n trabajar\u00e1 en que lleguen recursos a la zona para dar continuidad a los pendientes.<\/p>\n<p>\u201cNos pondremos a trabajar en lo que se qued\u00f3 pendiente y que no continu\u00f3 esta administraci\u00f3n\u201d.<\/p>\n<p>L\u00e1zaro Medina destac\u00f3 que de la mano con Daniela de los Santos, candidata a la Presidencia Municipal de Morelia, se trabajar\u00e1 para atender las necesidades prioritarias de la ciudad, como dotar de los servicios b\u00e1sicos a Ciudad Jard\u00edn.<\/p>\n<p>\u201cQueremos que los vecinos de Ciudad Jard\u00edn se levanten cada d\u00eda con la alegr\u00eda de saber que tienen un gran futuro por delante. Pero ese futuro no llega por arte de magia: llega con gobernantes que sepan gobernar\u201d.<\/p>\n","protected":false},"excerpt":{"rendered":"<p>-Habitantes de la zona se\u00f1alaron que el pr\u00f3ximo 1 de julio su voto ir\u00e1 para quienes han apoyado desde siempre el desarrollo de su colonia, como el candidato a diputado federal, Wilfrido L\u00e1zaro Medina. Morelia, Michoac\u00e1n, 13 de junio de 2018.- Morelia requiere servidores p\u00fablicos que realicen acciones en favor de la ciudadan\u00eda y no [&hellip;]<\/p>\n","protected":false},"author":2,"featured_media":54121,"comment_status":"closed","ping_status":"closed","sticky":false,"template":"","format":"standard","meta":{"footnotes":""},"categories":[90],"tags":[],"class_list":["post-54120","post","type-post","status-publish","format-standard","has-post-thumbnail","hentry","category-elecciones-2018"],"_links":{"self":[{"href":"https:\/\/radiowebmx.com\/nota\/wp-json\/wp\/v2\/posts\/54120","targetHints":{"allow":["GET"]}}],"collection":[{"href":"https:\/\/radiowebmx.com\/nota\/wp-json\/wp\/v2\/posts"}],"about":[{"href":"https:\/\/radiowebmx.com\/nota\/wp-json\/wp\/v2\/types\/post"}],"author":[{"embeddable":true,"href":"https:\/\/radiowebmx.com\/nota\/wp-json\/wp\/v2\/users\/2"}],"replies":[{"embeddable":true,"href":"https:\/\/radiowebmx.com\/nota\/wp-json\/wp\/v2\/comments?post=54120"}],"version-history":[{"count":1,"href":"https:\/\/radiowebmx.com\/nota\/wp-json\/wp\/v2\/posts\/54120\/revisions"}],"predecessor-version":[{"id":54122,"href":"https:\/\/radiowebmx.com\/nota\/wp-json\/wp\/v2\/posts\/54120\/revisions\/54122"}],"wp:featuredmedia":[{"embeddable":true,"href":"https:\/\/radiowebmx.com\/nota\/wp-json\/wp\/v2\/media\/54121"}],"wp:attachment":[{"href":"https:\/\/radiowebmx.com\/nota\/wp-json\/wp\/v2\/media?parent=54120"}],"wp:term":[{"taxonomy":"category","embeddable":true,"href":"https:\/\/radiowebmx.com\/nota\/wp-json\/wp\/v2\/categories?post=54120"},{"taxonomy":"post_tag","embeddable":true,"href":"https:\/\/radiowebmx.com\/nota\/wp-json\/wp\/v2\/tags?post=54120"}],"curies":[{"name":"wp","href":"https:\/\/api.w.org\/{rel}","templated":true}]}}