{"id":5411,"date":"2014-02-10T12:21:22","date_gmt":"2014-02-10T18:21:22","guid":{"rendered":"https:\/\/radiowebmx.com\/nota\/?p=5411"},"modified":"2014-02-10T12:21:22","modified_gmt":"2014-02-10T18:21:22","slug":"en-accion-conjunta-se-desmantela-laboratorio-de-droga-sintetica-y-se-asegura-arsenal","status":"publish","type":"post","link":"https:\/\/radiowebmx.com\/nota\/en-accion-conjunta-se-desmantela-laboratorio-de-droga-sintetica-y-se-asegura-arsenal\/","title":{"rendered":"En acci\u00f3n conjunta se desmantela laboratorio de droga sint\u00e9tica y se asegura arsenal"},"content":{"rendered":"<p><a href=\"https:\/\/radiowebmx.com\/nota\/wp-content\/uploads\/2014\/02\/2.jpg\"><img loading=\"lazy\" decoding=\"async\" class=\"alignleft size-full wp-image-5412\" alt=\"2\" src=\"https:\/\/radiowebmx.com\/nota\/wp-content\/uploads\/2014\/02\/2.jpg\" width=\"591\" height=\"392\" \/><\/a>Como parte de la estrategia interinstitucional que se lleva a cabo en la regi\u00f3n para garantizar la seguridad de la poblaci\u00f3n<b>, <\/b>durante las \u00faltimas horas se localiz\u00f3 un inmueble abandonado con veh\u00edculos de modelo reciente y se desmantel\u00f3 un laboratorio, al parecer utilizado para la elaboraci\u00f3n de la droga denominada \u201cCristal\u201d. En dicha propiedad se encontraron armas fuego de uso exclusivo del Ej\u00e9rcito, Armada y Fuerza A\u00e9rea, as\u00ed como equipos de radiocomunicaci\u00f3n.<\/p>\n<p>&nbsp;<\/p>\n<p>Primeramente, en un recorrido realizado por personal de la Procuradur\u00eda General de Justicia de Michoac\u00e1n en coordinaci\u00f3n con personal de la Secretar\u00eda de Seguridad P\u00fablica, \u00a0Secretar\u00eda de la Defensa Nacional y la Polic\u00eda Federal, se ubic\u00f3 un inmueble abandonado en la colonia 22 de Octubre. Por el port\u00f3n se visualizaron tres camionetas con placas del Estado de M\u00e9xico, una de las cuales result\u00f3 con reporte de robo en dicha entidad, as\u00ed como una m\u00e1s con posibles inconsistencias en el n\u00famero de serie.<\/p>\n<p>&nbsp;<\/p>\n<p>De igual forma se encontraron cartuchos \u00fatiles calibre .223, piezas de armas largas y cintas pl\u00e1sticas con leyendas de armas de fuego, por lo que se presume que parte del inmueble se destinaba a reparar artefactos. Adem\u00e1s se localizaron sotanas en color blanco con cruces en color rojo.<\/p>\n<p>&nbsp;<\/p>\n<p>Por otra parte, en atenci\u00f3n a una denuncia an\u00f3nima en la que se reportaba movimiento de personas armadas en una propiedad de la colonia Lomas del Pedregal, se implement\u00f3 un operativo; sin embargo, aun cuando en el inmueble se no se encontr\u00f3 persona alguna, se aseguraron diversos precursores qu\u00edmicos, al parecer utilizados\u00a0 para la elaboraci\u00f3n de la droga denominada Cristal (Metanfetamina).<\/p>\n<p>&nbsp;<\/p>\n<p>&nbsp;<\/p>\n<p>&nbsp;<\/p>\n<p>&nbsp;<\/p>\n<p>&nbsp;<\/p>\n<p>&nbsp;<\/p>\n<p>En dicho inmueble se localiz\u00f3 una pistola calibre .38 S\u00faper y\u00a0 31 cartuchos del mismo calibre; una pistola\u00a0 calibre .45; dos cargadores met\u00e1licos abastecidos con 10 cartuchos \u00fatiles calibre .45; un rifle de asalto calibre 7.62, com\u00fanmente conocido como \u201ccuerno de chivo\u201d, con tres cargadores met\u00e1licos vac\u00edos; dos granadas de fragmentaci\u00f3n de color negro; seis cargadores de bater\u00eda de radio de comunicaci\u00f3n y un radio de comunicaci\u00f3n.<\/p>\n<p>&nbsp;<\/p>\n<p>Sobre estos aseguramientos tom\u00f3 conocimiento la Subprocuradur\u00eda Regional, misma que se encargar\u00e1 de dar el seguimiento correspondiente.<\/p>\n","protected":false},"excerpt":{"rendered":"<p>Como parte de la estrategia interinstitucional que se lleva a cabo en la regi\u00f3n para garantizar la seguridad de la poblaci\u00f3n, durante las \u00faltimas horas se localiz\u00f3 un inmueble abandonado con veh\u00edculos de modelo reciente y se desmantel\u00f3 un laboratorio, <\/p>\n","protected":false},"author":1,"featured_media":0,"comment_status":"open","ping_status":"open","sticky":false,"template":"","format":"standard","meta":{"footnotes":""},"categories":[14,3],"tags":[],"class_list":["post-5411","post","type-post","status-publish","format-standard","hentry","category-destacadas","category-gobierno-del-estado-de-michoacan"],"_links":{"self":[{"href":"https:\/\/radiowebmx.com\/nota\/wp-json\/wp\/v2\/posts\/5411","targetHints":{"allow":["GET"]}}],"collection":[{"href":"https:\/\/radiowebmx.com\/nota\/wp-json\/wp\/v2\/posts"}],"about":[{"href":"https:\/\/radiowebmx.com\/nota\/wp-json\/wp\/v2\/types\/post"}],"author":[{"embeddable":true,"href":"https:\/\/radiowebmx.com\/nota\/wp-json\/wp\/v2\/users\/1"}],"replies":[{"embeddable":true,"href":"https:\/\/radiowebmx.com\/nota\/wp-json\/wp\/v2\/comments?post=5411"}],"version-history":[{"count":1,"href":"https:\/\/radiowebmx.com\/nota\/wp-json\/wp\/v2\/posts\/5411\/revisions"}],"predecessor-version":[{"id":5413,"href":"https:\/\/radiowebmx.com\/nota\/wp-json\/wp\/v2\/posts\/5411\/revisions\/5413"}],"wp:attachment":[{"href":"https:\/\/radiowebmx.com\/nota\/wp-json\/wp\/v2\/media?parent=5411"}],"wp:term":[{"taxonomy":"category","embeddable":true,"href":"https:\/\/radiowebmx.com\/nota\/wp-json\/wp\/v2\/categories?post=5411"},{"taxonomy":"post_tag","embeddable":true,"href":"https:\/\/radiowebmx.com\/nota\/wp-json\/wp\/v2\/tags?post=5411"}],"curies":[{"name":"wp","href":"https:\/\/api.w.org\/{rel}","templated":true}]}}