{"id":54104,"date":"2018-06-13T12:36:31","date_gmt":"2018-06-13T17:36:31","guid":{"rendered":"https:\/\/radiowebmx.com\/nota\/?p=54104"},"modified":"2018-06-13T12:36:31","modified_gmt":"2018-06-13T17:36:31","slug":"pepe-meade-sera-presidente-de-mexico-victor-silva","status":"publish","type":"post","link":"https:\/\/radiowebmx.com\/nota\/pepe-meade-sera-presidente-de-mexico-victor-silva\/","title":{"rendered":"PEPE MEADE SER\u00c1 PRESIDENTE DE M\u00c9XICO: V\u00cdCTOR SILVA"},"content":{"rendered":"<p>Morelia, Michoac\u00e1n a 12 de Junio de 2018. Jos\u00e9 Antonio Meade, no solo gan\u00f3 el debate si no que ser\u00e1 el pr\u00f3ximo Presidente de M\u00e9xico, as\u00ed lo afirm\u00f3 V\u00edctor Silva Tejeda, presidente del Comit\u00e9 Directivo Estatal (CDE) del PRI Michoac\u00e1n.<\/p>\n<p>El l\u00edder del tricolor, reconoci\u00f3 en Pepe Meade la preparaci\u00f3n y la experiencia que le ha dado el haber sido titular de diversas secretar\u00edas de estado enfocadas en el \u00e1mbito econ\u00f3mico; dijo adem\u00e1s que el candidato de la coalici\u00f3n Todos por M\u00e9xico, super\u00f3 las propuestas hechas por los dem\u00e1s candidatos.<\/p>\n<p>A dos semanas de que concluya el per\u00edodo de campa\u00f1as, el l\u00edder del PRI en Michoac\u00e1n asever\u00f3 que la pr\u00f3xima jornada electoral que se realizar\u00e1 el 1 de julio \u201cya la gan\u00f3 Pepe Meade\u201d.<\/p>\n<p>\u201cFue el \u00fanico, que present\u00f3 propuestas reales que servir\u00e1n para el desarrollo econ\u00f3mico del pa\u00eds&#8221;, afirm\u00f3.<\/p>\n<p>V\u00edctor Silva, record\u00f3 que como ex titular de la Secretar\u00eda de Energ\u00eda, se realizaron avances en el sector energ\u00e9tico y Pemex efectu\u00f3 las primeras adjudicaciones de contratos integrales para la exploraci\u00f3n y producci\u00f3n e inicio el programa de \u201cLuz Sustentable\u201d con el objetivo de coadyuvar con el medio ambiente.<\/p>\n<p>Mientras que como secretario de Hacienda y Cr\u00e9dito P\u00fablico, derivado de las reformas hacendarias de 2007 y 2009, M\u00e9xico alcanz\u00f3 el m\u00e1ximo nivel de recaudaci\u00f3n tributaria en 2011. Por ello dijo, estar convencido de que Pepe Meade, continuar\u00e1 el trabajo para que M\u00e9xico se siga consolidando como potencia.<\/p>\n<p>Adem\u00e1s se\u00f1al\u00f3 que uno de los temas sentidos por la poblaci\u00f3n es la pol\u00edtica social, y el candidato de la coalici\u00f3n Todos por M\u00e9xico, pondr\u00e1 \u00e9nfasis en esta materia al ser presidente de la Rep\u00fablica, ya que como secretario de Desarrollo Social, durante su per\u00edodo se logr\u00f3 la reducci\u00f3n del n\u00famero de personas en situaci\u00f3n de pobreza y puso en marcha la Estrategia Nacional de Inclusi\u00f3n Social.<\/p>\n<p>Silva Tejeda, coincidi\u00f3 con el abanderado priista en que las mujeres juegan un papel importante en la econ\u00f3mica del pa\u00eds es por ello que apoya la estrategia que plantea el candidato de la coalici\u00f3n de Todos por M\u00e9xico, como es el incremento de guarder\u00edas de tiempo completo, aumentar hasta cuatro veces las escuelas de<\/p>\n<p>educaci\u00f3n b\u00e1sica de tiempo completo, lo que permitir\u00e1 que las mujeres puedan concluir sus estudios y con ello acceder a mejores empleos<\/p>\n","protected":false},"excerpt":{"rendered":"<p>Morelia, Michoac\u00e1n a 12 de Junio de 2018. Jos\u00e9 Antonio Meade, no solo gan\u00f3 el debate si no que ser\u00e1 el pr\u00f3ximo Presidente de M\u00e9xico, as\u00ed lo afirm\u00f3 V\u00edctor Silva Tejeda, presidente del Comit\u00e9 Directivo Estatal (CDE) del PRI Michoac\u00e1n. El l\u00edder del tricolor, reconoci\u00f3 en Pepe Meade la preparaci\u00f3n y la experiencia que le [&hellip;]<\/p>\n","protected":false},"author":2,"featured_media":54105,"comment_status":"closed","ping_status":"closed","sticky":false,"template":"","format":"standard","meta":{"footnotes":""},"categories":[90],"tags":[],"class_list":["post-54104","post","type-post","status-publish","format-standard","has-post-thumbnail","hentry","category-elecciones-2018"],"_links":{"self":[{"href":"https:\/\/radiowebmx.com\/nota\/wp-json\/wp\/v2\/posts\/54104","targetHints":{"allow":["GET"]}}],"collection":[{"href":"https:\/\/radiowebmx.com\/nota\/wp-json\/wp\/v2\/posts"}],"about":[{"href":"https:\/\/radiowebmx.com\/nota\/wp-json\/wp\/v2\/types\/post"}],"author":[{"embeddable":true,"href":"https:\/\/radiowebmx.com\/nota\/wp-json\/wp\/v2\/users\/2"}],"replies":[{"embeddable":true,"href":"https:\/\/radiowebmx.com\/nota\/wp-json\/wp\/v2\/comments?post=54104"}],"version-history":[{"count":1,"href":"https:\/\/radiowebmx.com\/nota\/wp-json\/wp\/v2\/posts\/54104\/revisions"}],"predecessor-version":[{"id":54106,"href":"https:\/\/radiowebmx.com\/nota\/wp-json\/wp\/v2\/posts\/54104\/revisions\/54106"}],"wp:featuredmedia":[{"embeddable":true,"href":"https:\/\/radiowebmx.com\/nota\/wp-json\/wp\/v2\/media\/54105"}],"wp:attachment":[{"href":"https:\/\/radiowebmx.com\/nota\/wp-json\/wp\/v2\/media?parent=54104"}],"wp:term":[{"taxonomy":"category","embeddable":true,"href":"https:\/\/radiowebmx.com\/nota\/wp-json\/wp\/v2\/categories?post=54104"},{"taxonomy":"post_tag","embeddable":true,"href":"https:\/\/radiowebmx.com\/nota\/wp-json\/wp\/v2\/tags?post=54104"}],"curies":[{"name":"wp","href":"https:\/\/api.w.org\/{rel}","templated":true}]}}