{"id":54093,"date":"2018-06-12T13:15:18","date_gmt":"2018-06-12T18:15:18","guid":{"rendered":"https:\/\/radiowebmx.com\/nota\/?p=54093"},"modified":"2018-06-12T13:19:03","modified_gmt":"2018-06-12T18:19:03","slug":"los-presidenciables-en-las-encuestas-previo-al-tercer-debate","status":"publish","type":"post","link":"https:\/\/radiowebmx.com\/nota\/los-presidenciables-en-las-encuestas-previo-al-tercer-debate\/","title":{"rendered":"Los presidenciables en las encuestas previo al tercer debate"},"content":{"rendered":"<p>Los cuatro candidatos presidenciales protagonizar\u00e1n este martes el tercer y \u00faltimo debate que organiza el Instituto Nacional Electoral (INE) en M\u00e9rida, Yucat\u00e1n.<\/p>\n<p>Este cara a cara se da a dos semanas de la jornada electoral y representa la \u00faltima oportunidad para los candidatos de demostrar sus capacidades por encima de las de sus rivales.<\/p>\n<p>Si desconoces c\u00f3mo llegan colocados en las preferencias los presidenciables, aqu\u00ed te platicamos cu\u00e1l es la intenci\u00f3n de voto de cada uno de ellos.<\/p>\n<p><strong>Consulta Mitofsky: AMLO aventaja y crece en preferencias<\/strong><\/p>\n<p>De acuerdo con la \u00faltima encuesta de\u00a0<a href=\"https:\/\/adnpolitico.com\/presidencia\/2018\/06\/10\/amlo-aventaja-y-crece-en-preferencias-el-segundo-lugar-en-disputa-encuesta\">Consulta Mitofsky<\/a>\u00a0publicada el domingo 10 de junio, Andr\u00e9s Manuel L\u00f3pez Obrador se mantiene arriba y creciendo en las preferencias electorales, mientras que Ricardo Anaya y Jos\u00e9 Antonio Meade se disputan el segundo lugar.<\/p>\n<p>El ejercicio da a L\u00f3pez Obrador el 37.2% de la intenci\u00f3n de voto y crece hasta el 47.8% si se elimina a los que no declararon preferencia (22%). Anaya se ubica en segundo lugar, con 20.3% de la preferencia bruta y 26.1% de la preferencia efectiva, mientras que Meade tiene 17.1% del total y 22% de preferencia efectiva.<\/p>\n<p>Jaime Rodr\u00edguez Calder\u00f3n,\u00a0<em>El Bronco<\/em>, llega con una preferencia bruta de 3.2% y una efectiva de 4.1%.<\/p>\n<p>Seg\u00fan esta medici\u00f3n, el\u00a0<a href=\"https:\/\/adnpolitico.com\/presidencia\/2018\/06\/07\/amlo-consolida-ventaja-otra-encuesta-lo-ubica-cerca-de-50-de-las-preferencias\">candidato de Juntos Haremos Historia creci\u00f3<\/a>\u00a0desde la etapa de precampa\u00f1as y en el \u00faltimo mes subi\u00f3 cuatro puntos. El abanderado Todos por M\u00e9xico tambi\u00e9n avanz\u00f3 2.6 puntos.<\/p>\n<p><strong>El Financiero: AMLO rompe el techo de 50% en preferencias<\/strong><\/p>\n<p>En la m\u00e1s reciente encuesta de<a href=\"https:\/\/adnpolitico.com\/presidencia\/2018\/06\/04\/amlo-aventaja-en-preferencias-a-anaya-y-meade-juntos-encuesta-el-financiero\"><em>El Financiero,\u00a0<\/em>publicada el 4 de junio<\/a>, L\u00f3pez Obrador registra el 50% de la intenci\u00f3n del voto, mientras que la suma de Ricardo Anaya, de la coalici\u00f3n Por M\u00e9xico al Frente (PAN, PRD y MC), y Jos\u00e9 Antonio Meade, de Todos por M\u00e9xico (PRI, PVEM y PanaI), es del 46%, con un 24% y un 22% para cada uno, respectivamente.<\/p>\n<p>El independiente Jaime Rodr\u00edguez Calder\u00f3n,\u00a0<em>El Bronco<\/em>, se encuentra con solo 4% de las preferencias.<\/p>\n<p>El ejercicio se realiz\u00f3 entre 1,201 electores en todas las entidades, por medio de entrevistas en vivienda del 24 al 28 de mayo. Tiene un margen de error de +\/-2.8% y un nivel de confianza de 95%.<\/p>\n<p>La ventaja de AMLO en las encuestas<\/p>\n<p>De acuerdo con un sondeo de El Financiero, ni juntos Ricardo Anaya y Jos\u00e9 Antonio Meade alcanzan al puntero.<\/p>\n<p>Fuente: El Financiero<\/p>\n<p>Metodolog\u00eda: Encuesta nacional en vivienda realizada del 24 al 28 de mayo de 2018 a 1,201 electores.<\/p>\n<p>Margen de error: +\/- 2.8%.<\/p>\n<p><strong>Grupo Impacto Gii360 da a AMLO el 45%<\/strong><\/p>\n<p>Seg\u00fan el reporte de la \u00faltima encuesta presentada por\u00a0<a href=\"https:\/\/adnpolitico.com\/presidencia\/2018\/06\/02\/encuesta-da-amlo-el-45-a-anaya-21-a-meade-16-y-al-bronco-7\">Grupo Impacto Gii360 el s\u00e1bado 2 de junio<\/a>, el 45% de los electores dijo que votar\u00eda por Andr\u00e9s Manuel L\u00f3pez Obrador, el 21% que lo har\u00eda por Ricardo Anaya, el 16% por Jos\u00e9 Antonio Meade y el 7% por Jaime Rodr\u00edguez Calder\u00f3n &#8216;El Bronco&#8217;.<\/p>\n<p>Los mismos resultados dan la ventaja a Morena, cuando se preguntan las preferencias por partido, con un respaldo del 39% en la intenci\u00f3n de voto, seguido del PAN con el 17%, el PRI con el 15%, el PVEM con el 3%, el PRD con el 2%, y Movimiento Ciudadano, Panal y PT con el 1%, cada uno.<\/p>\n<p>Seg\u00fan esta medici\u00f3n, el PES no registra un porcentaje de apoyo, mientras que el de los independientes asciende a un 5%. Un 16% de los encuestados no sabe por qui\u00e9n votar\u00eda o no contest\u00f3 a la pregunta de por qu\u00e9 partido votar\u00eda el pr\u00f3ximo 1 de julio.<\/p>\n<p><strong>Parametr\u00eda: AMLO aventaja con el 30%<\/strong><\/p>\n<p>La encuesta m\u00e1s reciente dada a conocer el 31 de mayo,\u00a0<a href=\"https:\/\/adnpolitico.com\/presidencia\/2018\/05\/31\/encuesta-de-parametria-da-ventaja-a-amlo-de-30-puntos-sobre-anaya\">elaborada por Parametr\u00eda<\/a>, muestra que en la preferencia efectiva \u2013la cual no contabiliza el &#8220;ninguno&#8221;, &#8220;no sabe&#8221; y &#8220;no contesta&#8221;\u2013 L\u00f3pez Obrador tiene una ventaja de 30 puntos al ubicarse en un 54% de las preferencias, mientras que su m\u00e1s cercano competidor, Ricardo Anaya, registra un 24%.<\/p>\n<p>En tercera posici\u00f3n est\u00e1 el candidato del PRI, Jos\u00e9 Antonio Meade, quien cuenta con el 17% de los apoyos. El candidato independiente Jaime Rodr\u00edguez Calder\u00f3n,\u00a0<em>El Bronco,<\/em>obtuvo 2% de las preferencias efectivas y la excandidata independiente Margarita Zavala -quien a pesar de haber renunciado a la candidatura aparece en este sondeo- fue respaldada por el 3% de los entrevistados.<\/p>\n<p>En la preferencia bruta, AMLO registra un 45% de las preferencias, Anaya un 20%, Meade un 14%, Zavala un 3% y\u00a0<em>El Bronco<\/em>\u00a0un 1%. Los mismos datos indican que un 11% dijo que ninguno, un 4% no contest\u00f3 y un 2% dijo no saber por qui\u00e9n votar.<\/p>\n<p>Si hoy fueran elecciones, por qui\u00e9n votar\u00eda<\/p>\n<p>Preferencia Bruta<\/p>\n<p><strong>Reforma:<\/strong><\/p>\n<p><strong>26 puntos separan a AMLO y Anaya<\/strong><\/p>\n<p>De acuerdo con la m\u00e1s reciente\u00a0<a href=\"https:\/\/adnpolitico.com\/presidencia\/2018\/05\/30\/amlo-amplia-distancia-en-encuesta-equipos-de-anaya-y-meade-la-minimizan\">encuesta de\u00a0<em>Reforma<\/em>\u00a0publicada el 30 de mayo<\/a>, L\u00f3pez Obrador aventaja por 26 puntos a Ricardo Anaya, de la coalici\u00f3n Por M\u00e9xico al Frente (PAN, PRD y MC), en las preferencias electorales.<\/p>\n<p>El ejercicio ubica al abanderado de Juntos Haremos Historia con una preferencia electoral efectiva de 52%, a Anaya con 26%, a Jos\u00e9 Antonio Meade, con 19% y a Jaime Rodr\u00edguez Calder\u00f3n con 3%.<\/p>\n<p>Estos porcentajes no consideran al 17% de personas que no respondieron.<\/p>\n<p>La carrera a Los Pinos en las encuestas<\/p>\n<p>Andr\u00e9s Manuel L\u00f3pez Obrador duplica ventaja en encuesta de Reforma.<\/p>\n<p>Fuente: Grupo Reforma<\/p>\n<p>Metodolog\u00eda: Encuesta nacional en vivienda realizada del 24 al 27 de mayo de 2018 a 1,200 personas con credencial de elector.<\/p>\n<p>Margen de error: +\/- 3.8%.<\/p>\n<p><strong>Massive Caller da AMLO el 39.7% de las preferencias<\/strong><\/p>\n<p>Seg\u00fan los resultados que Massive Caller present\u00f3 el 27 de mayo, al medir la preferencia bruta L\u00f3pez Obrador tiene el apoyo del 39.7% de 2,000 encuestados, mientras que Anaya alcanza el 30.6% del respaldo. En tercer lugar est\u00e1 Meade con el 15.2% de las preferencias y hasta el final\u00a0<em>El Bronco<\/em>\u00a0con el 4.3% de la votaci\u00f3n.<\/p>\n<p>En este ejercicio, el 10.4% de las personas consultadas dijeron que a\u00fan no deciden su voto.<\/p>\n<p>Dan a AMLO ventaja de 9 puntos sobre Anaya<\/p>\n<p>Preferencia bruta<\/p>\n<p>* Fuente: Massive Caller<\/p>\n","protected":false},"excerpt":{"rendered":"<p>Los cuatro candidatos presidenciales protagonizar\u00e1n este martes el tercer y \u00faltimo debate que organiza el Instituto Nacional Electoral (INE) en M\u00e9rida, Yucat\u00e1n. Este cara a cara se da a dos semanas de la jornada electoral y representa la \u00faltima oportunidad para los candidatos de demostrar sus capacidades por encima de las de sus rivales. Si [&hellip;]<\/p>\n","protected":false},"author":2,"featured_media":54097,"comment_status":"closed","ping_status":"closed","sticky":false,"template":"","format":"standard","meta":{"footnotes":""},"categories":[90],"tags":[],"class_list":["post-54093","post","type-post","status-publish","format-standard","has-post-thumbnail","hentry","category-elecciones-2018"],"_links":{"self":[{"href":"https:\/\/radiowebmx.com\/nota\/wp-json\/wp\/v2\/posts\/54093","targetHints":{"allow":["GET"]}}],"collection":[{"href":"https:\/\/radiowebmx.com\/nota\/wp-json\/wp\/v2\/posts"}],"about":[{"href":"https:\/\/radiowebmx.com\/nota\/wp-json\/wp\/v2\/types\/post"}],"author":[{"embeddable":true,"href":"https:\/\/radiowebmx.com\/nota\/wp-json\/wp\/v2\/users\/2"}],"replies":[{"embeddable":true,"href":"https:\/\/radiowebmx.com\/nota\/wp-json\/wp\/v2\/comments?post=54093"}],"version-history":[{"count":1,"href":"https:\/\/radiowebmx.com\/nota\/wp-json\/wp\/v2\/posts\/54093\/revisions"}],"predecessor-version":[{"id":54096,"href":"https:\/\/radiowebmx.com\/nota\/wp-json\/wp\/v2\/posts\/54093\/revisions\/54096"}],"wp:featuredmedia":[{"embeddable":true,"href":"https:\/\/radiowebmx.com\/nota\/wp-json\/wp\/v2\/media\/54097"}],"wp:attachment":[{"href":"https:\/\/radiowebmx.com\/nota\/wp-json\/wp\/v2\/media?parent=54093"}],"wp:term":[{"taxonomy":"category","embeddable":true,"href":"https:\/\/radiowebmx.com\/nota\/wp-json\/wp\/v2\/categories?post=54093"},{"taxonomy":"post_tag","embeddable":true,"href":"https:\/\/radiowebmx.com\/nota\/wp-json\/wp\/v2\/tags?post=54093"}],"curies":[{"name":"wp","href":"https:\/\/api.w.org\/{rel}","templated":true}]}}