{"id":54083,"date":"2018-06-12T12:53:03","date_gmt":"2018-06-12T17:53:03","guid":{"rendered":"https:\/\/radiowebmx.com\/nota\/?p=54083"},"modified":"2018-06-12T12:53:03","modified_gmt":"2018-06-12T17:53:03","slug":"movimiento-ciudadano-se-suma-al-pri-en-jimenez","status":"publish","type":"post","link":"https:\/\/radiowebmx.com\/nota\/movimiento-ciudadano-se-suma-al-pri-en-jimenez\/","title":{"rendered":"Movimiento Ciudadano se suma al PRI en Jim\u00e9nez"},"content":{"rendered":"<p class=\"x_MsoNormal\">Jim\u00e9nez, Michoac\u00e1n a 11 de junio de 2018.-\u00a0La candidata a Presidenta Municipal y militantes del partido Movimiento Ciudadano en Jim\u00e9nez, se sumaron al proyecto del Partido Revolucionario Institucional (PRI).<\/p>\n<p class=\"x_MsoNormal\">Antonio Sosa L\u00f3pez, candidato a Diputado Federal por el Distrito 02, y el aspirante a alcalde, Daniel Gonz\u00e1lez Carranza, sostuvieron un encuentro con ciudadanos; evento al que se sumaron militantes de Movimiento Ciudadano, as\u00ed como Rosalinda Cano Tovar, quien declin\u00f3 a favor del proyecto del PRI en el municipio.<\/p>\n<p class=\"x_MsoNormal\">En este sentido, To\u00f1o Sosa apunt\u00f3 que estos hechos demuestran que\u00a0cada d\u00eda \u201csomos m\u00e1s los michoacanos que queremos una verdadera transformaci\u00f3n para el Distrito 02\u201d.<\/p>\n<p class=\"x_MsoNormal\">E indic\u00f3 que el PRI siempre se ha caracterizado por ser un instituto pol\u00edtico incluyente y que da espacio a todas las voces; \u201cunidos iremos a la victoria, con los ciudadanos y con la generosidad de los priistas y militantes de m\u00e1s partidos que quieren sumarse\u201d.<\/p>\n<p class=\"x_MsoNormal\">\u201cVamos en ruta para alcanzar un gran futuro y para lograrlo debemos de consolidar cambios, ampliarlos y profundizarlos\u201d.<\/p>\n<p class=\"x_MsoNormal\">Sosa L\u00f3pez se dijo confiado en que el pr\u00f3ximo 01 de julio los michoacanos del Distrito le otorgar\u00e1n el voto, pues est\u00e1n cansados de todos los a\u00f1os en los que diputados del PRD no han apoyado ni legislado en su beneficio. Adem\u00e1s de que afirm\u00f3 que su campa\u00f1a ha sido cercana a la gente, \u201cescuchando sus necesidades de primera mano\u201d.<\/p>\n<p class=\"x_MsoNormal\">Finalmente, se\u00f1al\u00f3 que en su proyecto todos tienen cabida, siempre y cuando sean ciudadanos que \u201cquieran construir y no destruir; unir y no dividir; avanzar y no retroceder\u201d.<\/p>\n","protected":false},"excerpt":{"rendered":"<p>Jim\u00e9nez, Michoac\u00e1n a 11 de junio de 2018.-\u00a0La candidata a Presidenta Municipal y militantes del partido Movimiento Ciudadano en Jim\u00e9nez, se sumaron al proyecto del Partido Revolucionario Institucional (PRI). Antonio Sosa L\u00f3pez, candidato a Diputado Federal por el Distrito 02, y el aspirante a alcalde, Daniel Gonz\u00e1lez Carranza, sostuvieron un encuentro con ciudadanos; evento al [&hellip;]<\/p>\n","protected":false},"author":2,"featured_media":54084,"comment_status":"closed","ping_status":"closed","sticky":false,"template":"","format":"standard","meta":{"footnotes":""},"categories":[90],"tags":[],"class_list":["post-54083","post","type-post","status-publish","format-standard","has-post-thumbnail","hentry","category-elecciones-2018"],"_links":{"self":[{"href":"https:\/\/radiowebmx.com\/nota\/wp-json\/wp\/v2\/posts\/54083","targetHints":{"allow":["GET"]}}],"collection":[{"href":"https:\/\/radiowebmx.com\/nota\/wp-json\/wp\/v2\/posts"}],"about":[{"href":"https:\/\/radiowebmx.com\/nota\/wp-json\/wp\/v2\/types\/post"}],"author":[{"embeddable":true,"href":"https:\/\/radiowebmx.com\/nota\/wp-json\/wp\/v2\/users\/2"}],"replies":[{"embeddable":true,"href":"https:\/\/radiowebmx.com\/nota\/wp-json\/wp\/v2\/comments?post=54083"}],"version-history":[{"count":1,"href":"https:\/\/radiowebmx.com\/nota\/wp-json\/wp\/v2\/posts\/54083\/revisions"}],"predecessor-version":[{"id":54085,"href":"https:\/\/radiowebmx.com\/nota\/wp-json\/wp\/v2\/posts\/54083\/revisions\/54085"}],"wp:featuredmedia":[{"embeddable":true,"href":"https:\/\/radiowebmx.com\/nota\/wp-json\/wp\/v2\/media\/54084"}],"wp:attachment":[{"href":"https:\/\/radiowebmx.com\/nota\/wp-json\/wp\/v2\/media?parent=54083"}],"wp:term":[{"taxonomy":"category","embeddable":true,"href":"https:\/\/radiowebmx.com\/nota\/wp-json\/wp\/v2\/categories?post=54083"},{"taxonomy":"post_tag","embeddable":true,"href":"https:\/\/radiowebmx.com\/nota\/wp-json\/wp\/v2\/tags?post=54083"}],"curies":[{"name":"wp","href":"https:\/\/api.w.org\/{rel}","templated":true}]}}