{"id":5407,"date":"2014-02-10T12:05:49","date_gmt":"2014-02-10T18:05:49","guid":{"rendered":"https:\/\/radiowebmx.com\/nota\/?p=5407"},"modified":"2014-02-10T12:05:49","modified_gmt":"2014-02-10T18:05:49","slug":"captura-pgje-a-presunto-homicida-en-morelia","status":"publish","type":"post","link":"https:\/\/radiowebmx.com\/nota\/captura-pgje-a-presunto-homicida-en-morelia\/","title":{"rendered":"Captura PGJE a presunto homicida en Morelia."},"content":{"rendered":"<p><a href=\"https:\/\/radiowebmx.com\/nota\/wp-content\/uploads\/2014\/02\/Detenido-Homicidio.jpg\"><img loading=\"lazy\" decoding=\"async\" class=\"alignleft size-full wp-image-5408\" alt=\"Detenido Homicidio\" src=\"https:\/\/radiowebmx.com\/nota\/wp-content\/uploads\/2014\/02\/Detenido-Homicidio.jpg\" width=\"591\" height=\"242\" \/><\/a>Elementos de la Polic\u00eda Ministerial de la Procuradur\u00eda General de Justicia de Michoac\u00e1n cumplimentaron una orden de aprehensi\u00f3n en contra de una persona del sexo masculino quien presuntamente est\u00e1 relacionada en la participaci\u00f3n de un homicidio ocurrido el a\u00f1o pasado en esta ciudad.<\/p>\n<p>&nbsp;<\/p>\n<p>Seg\u00fan la Averiguaci\u00f3n Previa Penal 303\/2013-III, el hecho ocurri\u00f3 en el mes de julio del a\u00f1o antes mencionado, al momento que el ahora detenido de nombre Jorge Armando M. y otra persona del sexo masculino, privaron de la vida a Isidro Baz\u00e1n Calder\u00f3n, en la colonia Primo Tapia Oriente.<\/p>\n<p>&nbsp;<\/p>\n<p>Con base al documento, se conoci\u00f3 que en esa ocasi\u00f3n, Jorge Armando M., en compa\u00f1\u00eda de otro sujeto, se puso de acuerdo para cometer el agravio en contra del padre de su pareja sentimental.<\/p>\n<p>&nbsp;<\/p>\n<p>Para ello, Jorge Armando lleg\u00f3 al domicilio del ahora occiso e inici\u00f3 una discusi\u00f3n con su novia, provocando que Baz\u00e1n Calder\u00f3n\u00a0 saliera para ver que suced\u00eda, momento que el otro sujeto aprovech\u00f3 y le dispar\u00f3 en varias ocasiones, para posteriormente ambos huir del sitio.<\/p>\n<p>&nbsp;<\/p>\n<p>El ahora detenido se traslad\u00f3 a la Ciudad de M\u00e9xico, donde permaneci\u00f3 aproximadamente seis meses, sin embargo, decidi\u00f3 regresar a la capital michoacana desde un mes, por lo que, este d\u00eda, con base a las acciones de inteligencia, personal de la Procuradur\u00eda General de Justicia de Michoac\u00e1n, lograron su detenci\u00f3n en la colonia Primo Tapia Oriente de esta ciudad.<\/p>\n<p>&nbsp;<\/p>\n<p>El ahora detenido fue puesto a disposici\u00f3n del juzgador correspondiente, quien tendr\u00e1 que resolver su situaci\u00f3n jur\u00eddica por el delito de Homicidio Calificado.<\/p>\n","protected":false},"excerpt":{"rendered":"<p>Elementos de la Polic\u00eda Ministerial de la Procuradur\u00eda General de Justicia de Michoac\u00e1n cumplimentaron una orden de aprehensi\u00f3n en contra de una persona del sexo masculino quien presuntamente est\u00e1 relacionada en la participaci\u00f3n de un homicidio ocurrido el a\u00f1o pasado en esta ciudad.<\/p>\n","protected":false},"author":1,"featured_media":0,"comment_status":"open","ping_status":"open","sticky":false,"template":"","format":"standard","meta":{"footnotes":""},"categories":[14,3],"tags":[],"class_list":["post-5407","post","type-post","status-publish","format-standard","hentry","category-destacadas","category-gobierno-del-estado-de-michoacan"],"_links":{"self":[{"href":"https:\/\/radiowebmx.com\/nota\/wp-json\/wp\/v2\/posts\/5407","targetHints":{"allow":["GET"]}}],"collection":[{"href":"https:\/\/radiowebmx.com\/nota\/wp-json\/wp\/v2\/posts"}],"about":[{"href":"https:\/\/radiowebmx.com\/nota\/wp-json\/wp\/v2\/types\/post"}],"author":[{"embeddable":true,"href":"https:\/\/radiowebmx.com\/nota\/wp-json\/wp\/v2\/users\/1"}],"replies":[{"embeddable":true,"href":"https:\/\/radiowebmx.com\/nota\/wp-json\/wp\/v2\/comments?post=5407"}],"version-history":[{"count":2,"href":"https:\/\/radiowebmx.com\/nota\/wp-json\/wp\/v2\/posts\/5407\/revisions"}],"predecessor-version":[{"id":5410,"href":"https:\/\/radiowebmx.com\/nota\/wp-json\/wp\/v2\/posts\/5407\/revisions\/5410"}],"wp:attachment":[{"href":"https:\/\/radiowebmx.com\/nota\/wp-json\/wp\/v2\/media?parent=5407"}],"wp:term":[{"taxonomy":"category","embeddable":true,"href":"https:\/\/radiowebmx.com\/nota\/wp-json\/wp\/v2\/categories?post=5407"},{"taxonomy":"post_tag","embeddable":true,"href":"https:\/\/radiowebmx.com\/nota\/wp-json\/wp\/v2\/tags?post=5407"}],"curies":[{"name":"wp","href":"https:\/\/api.w.org\/{rel}","templated":true}]}}