{"id":54064,"date":"2018-06-10T15:58:07","date_gmt":"2018-06-10T20:58:07","guid":{"rendered":"https:\/\/radiowebmx.com\/nota\/?p=54064"},"modified":"2018-06-11T12:18:22","modified_gmt":"2018-06-11T17:18:22","slug":"pondremos-un-hasta-aqui-al-problema-de-inseguridad-carlos-quintana","status":"publish","type":"post","link":"https:\/\/radiowebmx.com\/nota\/pondremos-un-hasta-aqui-al-problema-de-inseguridad-carlos-quintana\/","title":{"rendered":"Pondremos un \u201chasta aqu\u00ed\u201d al problema de inseguridad: Carlos Quintana"},"content":{"rendered":"<p><strong>Morelia, Michoac\u00e1n<\/strong>.-\u00a0M\u00e1s unidos que nunca, en coalici\u00f3n vamos avanzando de manera contundente para que los morelianos vivan como se merecen, con calidad, afirm\u00f3\u00a0<strong>Carlos Quintana Mart\u00ednez<\/strong>,\u00a0<strong>candidato<\/strong>\u00a0a\u00a0<strong>presidente municipal<\/strong>\u00a0Por Morelia al Frente, durante un recorrido por la\u00a0<strong>colonia Primo Tapia<\/strong>\u00a0y\u00a0<strong>Divisi\u00f3n del Norte<\/strong>.<\/p>\n<p>Con el respaldo de\u00a0<strong>\u00c1ngel \u00c1vila Romero<\/strong>, secretario general del\u00a0<strong>Comit\u00e9 Ejecutivo Nacional<\/strong>\u00a0del\u00a0<strong>PRD<\/strong>, al caminar por la zona y escuchar a los colonos, indic\u00f3 que con Carlos Quintana al frente de Morelia se lograr\u00e1n los\u00a0<strong>cambios necesarios<\/strong>.<\/p>\n<p>\u201cLa candidatura de Carlos Quintana est\u00e1 m\u00e1s fuerte, no hay un s\u00f3lo rechazo, la gente le abre la puerta y lo recibe, se est\u00e1 viendo una nueva\u00a0<strong>generaci\u00f3n<\/strong>\u00a0con ganas de trabajar\u201d, asever\u00f3.<\/p>\n<figure id=\"attachment_529862\" class=\"wp-caption aligncenter\" style=\"width: 398px;\"><img loading=\"lazy\" decoding=\"async\" class=\" wp-image-529862\" src=\"https:\/\/www.mimorelia.com\/wp-content\/uploads\/2018\/06\/elecciones-2018\/10\/carlos-quintana-primo-tapia2.jpg\" sizes=\"auto, (max-width: 640px) 100vw, 640px\" srcset=\"https:\/\/www.mimorelia.com\/wp-content\/uploads\/2018\/06\/elecciones-2018\/10\/carlos-quintana-primo-tapia2.jpg 640w, https:\/\/www.mimorelia.com\/wp-content\/uploads\/2018\/06\/elecciones-2018\/10\/carlos-quintana-primo-tapia2-300x169.jpg 300w\" alt=\"\" width=\"398\" height=\"224\" \/><figcaption class=\"wp-caption-text\"><\/figcaption><\/figure>\n<p>Al caminar por estas colonias, focos rojos en\u00a0<strong>inseguridad<\/strong>, los vecinos solicitaron resolver esta situaci\u00f3n que por a\u00f1os aqueja a la zona, ante esto, Quintana Mart\u00ednez destac\u00f3 \u201cvoy a ser el primer polic\u00eda de la ciudad, que, en coordinaci\u00f3n con la federaci\u00f3n y estado, pondremos un hasta aqu\u00ed al problema de inseguridad que nos toca vivir a los morelianos\u201d.<\/p>\n<p>Indic\u00f3, adem\u00e1s, que se va a\u00a0<strong>reducir la tramitolog\u00eda<\/strong>\u00a0para que m\u00e1s personas tengan acceso a un\u00a0<strong>negocio<\/strong>, que detone la econom\u00eda, generaci\u00f3n de empleo y se evite que m\u00e1s morelianos se vayan a otros estados en busca de mejores condiciones de vida, otra de las peticiones m\u00e1s apremiantes por los morelianos.<\/p>\n<p>\u201cLa gente no se va a volver a ir de aqu\u00ed, se van a quedar en Morelia, van a invertir aqu\u00ed,\u00a0<strong>seremos aliados<\/strong>\u00a0para que esto sea posible\u201d, apunt\u00f3.<\/p>\n<p>Por su parte, \u00c1vila Romero advirti\u00f3 que\u00a0<strong>Morelia ya vivi\u00f3 un mal gobierno<\/strong>, ahora tiene en sus manos la posibilidad de cambiar su futuro, \u201cporque ya no se quiere m\u00e1s de lo mismo, de lo que ya fue y se quiere vender con espejismos como este\u00a0<strong>candidato independiente<\/strong>\u00a0que gobern\u00f3 solamente<strong>\u00a0Tres Mar\u00edas<\/strong>\u00a0y\u00a0<strong>Altozano<\/strong>\u201c.<\/p>\n<p>La administraci\u00f3n independiente abandon\u00f3 a Morelia, manifest\u00f3 el secretario general perredista, solamente con el trabajo de Carlos Quintana al frente del ayuntamiento, estas situaciones se erradicar\u00e1n.<\/p>\n<p>\u201cMorelia est\u00e1 abandonada,\u00a0<strong>no hay servicios<\/strong>,\u00a0<strong>no hay seguridad<\/strong>, el agua, falta que pase el recolector de basura, es decir, con esta alianza cambiaremos esta realidad\u201d, se\u00f1al\u00f3.<\/p>\n<p>Refiri\u00f3 tambi\u00e9n que la alianza entre el Partido Acci\u00f3n Nacional, Partido de la Revoluci\u00f3n Democr\u00e1tica y Movimiento Ciudadano es la mejor opci\u00f3n, que con su pluralidad es bien recibida por los ciudadanos.<\/p>\n<p>\u201cLa gente est\u00e1 recibiendo perfectamente bien la propuesta de la alianza PAN- PRD, \u00e9sta alianza ya se ha hecho en otros estados de la Rep\u00fablica con excelentes resultados. Hoy gracias a esta alianza hemos combatido la corrupci\u00f3n en estados como Veracruz, Quintana Roo, Nayarit\u201d, expres\u00f3.<\/p>\n","protected":false},"excerpt":{"rendered":"<p>Morelia, Michoac\u00e1n.-\u00a0M\u00e1s unidos que nunca, en coalici\u00f3n vamos avanzando de manera contundente para que los morelianos vivan como se merecen, con calidad, afirm\u00f3\u00a0Carlos Quintana Mart\u00ednez,\u00a0candidato\u00a0a\u00a0presidente municipal\u00a0Por Morelia al Frente, durante un recorrido por la\u00a0colonia Primo Tapia\u00a0y\u00a0Divisi\u00f3n del Norte. Con el respaldo de\u00a0\u00c1ngel \u00c1vila Romero, secretario general del\u00a0Comit\u00e9 Ejecutivo Nacional\u00a0del\u00a0PRD, al caminar por la zona y [&hellip;]<\/p>\n","protected":false},"author":2,"featured_media":54065,"comment_status":"closed","ping_status":"closed","sticky":false,"template":"","format":"standard","meta":{"footnotes":""},"categories":[14,90],"tags":[],"class_list":["post-54064","post","type-post","status-publish","format-standard","has-post-thumbnail","hentry","category-destacadas","category-elecciones-2018"],"_links":{"self":[{"href":"https:\/\/radiowebmx.com\/nota\/wp-json\/wp\/v2\/posts\/54064","targetHints":{"allow":["GET"]}}],"collection":[{"href":"https:\/\/radiowebmx.com\/nota\/wp-json\/wp\/v2\/posts"}],"about":[{"href":"https:\/\/radiowebmx.com\/nota\/wp-json\/wp\/v2\/types\/post"}],"author":[{"embeddable":true,"href":"https:\/\/radiowebmx.com\/nota\/wp-json\/wp\/v2\/users\/2"}],"replies":[{"embeddable":true,"href":"https:\/\/radiowebmx.com\/nota\/wp-json\/wp\/v2\/comments?post=54064"}],"version-history":[{"count":1,"href":"https:\/\/radiowebmx.com\/nota\/wp-json\/wp\/v2\/posts\/54064\/revisions"}],"predecessor-version":[{"id":54066,"href":"https:\/\/radiowebmx.com\/nota\/wp-json\/wp\/v2\/posts\/54064\/revisions\/54066"}],"wp:featuredmedia":[{"embeddable":true,"href":"https:\/\/radiowebmx.com\/nota\/wp-json\/wp\/v2\/media\/54065"}],"wp:attachment":[{"href":"https:\/\/radiowebmx.com\/nota\/wp-json\/wp\/v2\/media?parent=54064"}],"wp:term":[{"taxonomy":"category","embeddable":true,"href":"https:\/\/radiowebmx.com\/nota\/wp-json\/wp\/v2\/categories?post=54064"},{"taxonomy":"post_tag","embeddable":true,"href":"https:\/\/radiowebmx.com\/nota\/wp-json\/wp\/v2\/tags?post=54064"}],"curies":[{"name":"wp","href":"https:\/\/api.w.org\/{rel}","templated":true}]}}