{"id":54061,"date":"2018-06-11T12:16:57","date_gmt":"2018-06-11T17:16:57","guid":{"rendered":"https:\/\/radiowebmx.com\/nota\/?p=54061"},"modified":"2018-06-11T12:16:57","modified_gmt":"2018-06-11T17:16:57","slug":"propone-raul-moron-esquemas-de-economia-solidaria-para-impulsar-el-desarrollo-rural-de-morelia","status":"publish","type":"post","link":"https:\/\/radiowebmx.com\/nota\/propone-raul-moron-esquemas-de-economia-solidaria-para-impulsar-el-desarrollo-rural-de-morelia\/","title":{"rendered":"Propone Ra\u00fal Mor\u00f3n esquemas de Econom\u00eda Solidaria para impulsar el desarrollo rural de Morelia"},"content":{"rendered":"<p><strong>Morelia, Michoac\u00e1n<\/strong>.- El\u00a0<strong>desarrollo social<\/strong>\u00a0y econ\u00f3mico de las zonas rurales de Morelia no necesita d\u00e1divas, demanda acciones concretas que favorezcan e incentiven la producci\u00f3n agropecuaria local con una perspectiva justa y solidaria, remarc\u00f3\u00a0<strong>Ra\u00fal Mor\u00f3n<\/strong>\u00a0Orozco, candidato a la presidencia municipal por la coalici\u00f3n\u00a0<strong>Juntos Haremos Historia<\/strong>.<\/p>\n<p>Por eso en el programa de gobierno que proponemos planteamos que se establezca un\u00a0<strong>Programa de Econom\u00eda Social<\/strong>\u00a0y Solidaria que no s\u00f3lo potencie el desarrollo de las zonas rurales de la capital del estado, sino tambi\u00e9n que esta\u00a0<strong>favorezca<\/strong>\u00a0a los productores locales.<\/p>\n<p>El candidato por\u00a0<strong>Morena<\/strong>\u00a0y\u00a0<strong>PT<\/strong>\u00a0para la\u00a0<strong>alcald\u00eda de Morelia<\/strong>, dijo que en este programa que se propone se contempla la organizaci\u00f3n productiva, la creaci\u00f3n de veinte sociedades de producci\u00f3n rural y sociedades cooperativas de producci\u00f3n, distribuci\u00f3n y consumo de bienes y servicios socialmente necesarios.<\/p>\n<p>Ra\u00fal Mor\u00f3n Orozco explic\u00f3 que adem\u00e1s su proyecto plantea el mejoramiento del rendimiento de la producci\u00f3n agr\u00edcola por hect\u00e1rea para poder incrementar la productividad de los cultivos locales, a trav\u00e9s de la incorporaci\u00f3n de tecnolog\u00edas agr\u00edcolas a las parcelas de los productores locales.<\/p>\n<p>Tambi\u00e9n plantea el mejoramiento de la infraestructura de riego y el almacenamiento del agua para atender los cultivos y la ganader\u00eda.<\/p>\n<p>De la misma forma propone que haya una diversificaci\u00f3n en los cultivos para el aprovechamiento de los suelos, impulsando tambi\u00e9n cultivos redituables y alternativos como lo son el nopal, agave, s\u00e1bila, frutillas (ar\u00e1ndano, frambuesa, fresa, zarzamora).<\/p>\n<p>Para evitar adem\u00e1s el intermediarismo especulativo que no ayuda y por el contrario perjudica a los productores, explic\u00f3 el candidato de\u00a0<strong>Andr\u00e9s Manuel L\u00f3pez Obrador<\/strong>\u00a0para la capital del estado, se plantea dentro del esquema de Econom\u00eda Social y Solidaria, crear una red de almacenaje, distribuci\u00f3n y comercializaci\u00f3n de productos del campo.<\/p>\n<p>Fue enf\u00e1tico en decir que de manera complementaria tambi\u00e9n se impulsar\u00e1n la incubaci\u00f3n de empresas de econom\u00eda social, tomando en cuenta tambi\u00e9n a instituciones de educaci\u00f3n media y superior que tienen que ver con el desarrollo del campo.<\/p>\n<p>Mor\u00f3n Orozco detall\u00f3 que tambi\u00e9n se contempla la creaci\u00f3n de un Parque Log\u00edstico en el sur de Morelia, en el cual se reubique el rastro de la Asociaci\u00f3n Ganadera y se establezcan otras empresas de servicios de almacenamiento,\u00a0<strong>distribuci\u00f3n<\/strong>\u00a0y comercializaci\u00f3n de productos alimenticios.<\/p>\n<p>Adem\u00e1s, se habr\u00e1n de impulsar los huertos de traspatio en los hogares rurales y el establecimiento de gallineros para la producci\u00f3n de vegetales,\u00a0<strong>carnes<\/strong>\u00a0y<strong>\u00a0huevo org\u00e1nico<\/strong>\u00a0para el mercado urbano de Morelia.<\/p>\n<p>Ra\u00fal Mor\u00f3n Orozco agreg\u00f3 que tambi\u00e9n se apoyar\u00e1 a los productores rurales de la zona rural de Morelia, con insumos org\u00e1nicos y\u00a0<strong>semilla certificada<\/strong>\u00a0que eleve la productividad y mejoren la calidad de los productos del campo.<\/p>\n","protected":false},"excerpt":{"rendered":"<p>Morelia, Michoac\u00e1n.- El\u00a0desarrollo social\u00a0y econ\u00f3mico de las zonas rurales de Morelia no necesita d\u00e1divas, demanda acciones concretas que favorezcan e incentiven la producci\u00f3n agropecuaria local con una perspectiva justa y solidaria, remarc\u00f3\u00a0Ra\u00fal Mor\u00f3n\u00a0Orozco, candidato a la presidencia municipal por la coalici\u00f3n\u00a0Juntos Haremos Historia. Por eso en el programa de gobierno que proponemos planteamos que se [&hellip;]<\/p>\n","protected":false},"author":2,"featured_media":54062,"comment_status":"closed","ping_status":"closed","sticky":false,"template":"","format":"standard","meta":{"footnotes":""},"categories":[14,90],"tags":[],"class_list":["post-54061","post","type-post","status-publish","format-standard","has-post-thumbnail","hentry","category-destacadas","category-elecciones-2018"],"_links":{"self":[{"href":"https:\/\/radiowebmx.com\/nota\/wp-json\/wp\/v2\/posts\/54061","targetHints":{"allow":["GET"]}}],"collection":[{"href":"https:\/\/radiowebmx.com\/nota\/wp-json\/wp\/v2\/posts"}],"about":[{"href":"https:\/\/radiowebmx.com\/nota\/wp-json\/wp\/v2\/types\/post"}],"author":[{"embeddable":true,"href":"https:\/\/radiowebmx.com\/nota\/wp-json\/wp\/v2\/users\/2"}],"replies":[{"embeddable":true,"href":"https:\/\/radiowebmx.com\/nota\/wp-json\/wp\/v2\/comments?post=54061"}],"version-history":[{"count":1,"href":"https:\/\/radiowebmx.com\/nota\/wp-json\/wp\/v2\/posts\/54061\/revisions"}],"predecessor-version":[{"id":54063,"href":"https:\/\/radiowebmx.com\/nota\/wp-json\/wp\/v2\/posts\/54061\/revisions\/54063"}],"wp:featuredmedia":[{"embeddable":true,"href":"https:\/\/radiowebmx.com\/nota\/wp-json\/wp\/v2\/media\/54062"}],"wp:attachment":[{"href":"https:\/\/radiowebmx.com\/nota\/wp-json\/wp\/v2\/media?parent=54061"}],"wp:term":[{"taxonomy":"category","embeddable":true,"href":"https:\/\/radiowebmx.com\/nota\/wp-json\/wp\/v2\/categories?post=54061"},{"taxonomy":"post_tag","embeddable":true,"href":"https:\/\/radiowebmx.com\/nota\/wp-json\/wp\/v2\/tags?post=54061"}],"curies":[{"name":"wp","href":"https:\/\/api.w.org\/{rel}","templated":true}]}}