{"id":54052,"date":"2018-06-10T19:10:27","date_gmt":"2018-06-11T00:10:27","guid":{"rendered":"https:\/\/radiowebmx.com\/nota\/?p=54052"},"modified":"2018-06-11T11:52:25","modified_gmt":"2018-06-11T16:52:25","slug":"indiferencia-de-alfonso-martinez-tiene-en-la-agonia-a-presa-de-umecuaro-acusaron-vecinos-de-la-tenencia-ante-fausto-vallejo-figueroa","status":"publish","type":"post","link":"https:\/\/radiowebmx.com\/nota\/indiferencia-de-alfonso-martinez-tiene-en-la-agonia-a-presa-de-umecuaro-acusaron-vecinos-de-la-tenencia-ante-fausto-vallejo-figueroa\/","title":{"rendered":"Indiferencia de Alfonso Mart\u00ednez tiene en la agon\u00eda a presa de Um\u00e9cuaro, acusaron vecinos de la tenencia ante Fausto Vallejo Figueroa"},"content":{"rendered":"<p><img loading=\"lazy\" decoding=\"async\" class=\"\" src=\"https:\/\/attachment.outlook.live.net\/owa\/ultrapolitica@hotmail.com\/service.svc\/s\/GetAttachmentThumbnail?id=AQMkADAwATYwMAItODMyNi00ODU0LTAwAi0wMAoARgAAA5HawHgQuq9DrqMPu%2BRLC5sHANRV7lYdW%2FpNtd2j%2BEW2swoAAAIBDAAAANRV7lYdW%2FpNtd2j%2BEW2swoAAnNboGgAAAABEgAQAJD%2FETpucYxHj0qXlmgv8QA%3D&amp;thumbnailType=2&amp;X-OWA-CANARY=Tx7jJpbmNk-e78JaML9VHwA_p5C7z9UYygFp6Jxlncww75hrPWd-ZC3nml7wG-TevgLFDDcgvbY.&amp;token=eyJhbGciOiJSUzI1NiIsImtpZCI6IjA2MDBGOUY2NzQ2MjA3MzdFNzM0MDRFMjg3QzQ1QTgxOENCN0NFQjgiLCJ4NXQiOiJCZ0Q1OW5SaUJ6Zm5OQVRpaDhSYWdZeTN6cmciLCJ0eXAiOiJKV1QifQ.eyJ2ZXIiOiJFeGNoYW5nZS5DYWxsYmFjay5WMSIsImFwcGN0eHNlbmRlciI6Ik93YURvd25sb2FkQDg0ZGY5ZTdmLWU5ZjYtNDBhZi1iNDM1LWFhYWFhYWFhYWFhYSIsImFwcGN0eCI6IntcIm1zZXhjaHByb3RcIjpcIm93YVwiLFwicHJpbWFyeXNpZFwiOlwiUy0xLTI4MjctMzkzMjE2LTIyMDAzMjQxODBcIixcInB1aWRcIjpcIjE2ODg4NTIwNjA1ODgxMTZcIixcIm9pZFwiOlwiMDAwNjAwMDAtODMyNi00ODU0LTAwMDAtMDAwMDAwMDAwMDAwXCIsXCJzY29wZVwiOlwiT3dhRG93bmxvYWRcIn0iLCJuYmYiOjE1Mjg3MzU3MDcsImV4cCI6MTUyODczNjMwNywiaXNzIjoiMDAwMDAwMDItMDAwMC0wZmYxLWNlMDAtMDAwMDAwMDAwMDAwQDg0ZGY5ZTdmLWU5ZjYtNDBhZi1iNDM1LWFhYWFhYWFhYWFhYSIsImF1ZCI6IjAwMDAwMDAyLTAwMDAtMGZmMS1jZTAwLTAwMDAwMDAwMDAwMC9hdHRhY2htZW50Lm91dGxvb2subGl2ZS5uZXRAODRkZjllN2YtZTlmNi00MGFmLWI0MzUtYWFhYWFhYWFhYWFhIn0.YlhaMUMgw4qJdK0uIMwzNoXAtYWAS2ZWW5Uc4aedYro2ijhN7BMOPEhllzwhaiT_tOcMXT5d6EcRwqxz2tGo2ots-oZOTV07ApmS90E9TzVCXRes_dtXIVnX9yGhrOSFBPybIwlg_VSMnQZtil1qzDeB7Tbc9JIQ-loQvG31uBVxi0jRFUILavzomlIFBUkaILJL4M4zbKrTnF7oqRepc6rZb1UkCcZuugWiQ80YoRWdae5ob0reRTb7qT9ybavKR5T_OAbBJKrmV-SAprZ1aeEzTGwPE_gL4d6w9jNDyrRLmQKv6TOZF7QYP2B_03sKAKDXpm8HpVSsz6nOFueqRQ&amp;owa=outlook.live.com&amp;isc=1\" width=\"401\" height=\"267\" \/><\/p>\n<p>&nbsp;<\/p>\n<ul>\n<li class=\"x_gmail-MsoNoSpacing\"><strong>Rescate del vaso de agua de la localidad y una antena de telefon\u00eda, un par de las propuestas del abanderado del PES.<\/strong><\/li>\n<\/ul>\n<p class=\"x_gmail-MsoNoSpacing\">\n<p class=\"x_gmail-MsoNoSpacing\"><b>Morelia, Mich., a 10 de junio de 2018.-<\/b>\u00a0Fausto Vallejo Figueroa, candidato a la Presidencia Municipal por el Partido Encuentro Social (PES) testific\u00f3 la agon\u00eda que vive desde hace cuatro a\u00f1os la Presa de Um\u00e9cuaro cuya capacidad se encuentra en un 15 por ciento, debido a una plaga que se logr\u00f3 expandir por la desatenci\u00f3n de las autoridades municipales independientes hacia esta, que era una de las fuentes de agua m\u00e1s importantes para los morelianos y de empleo para las familias de la comunidad.<\/p>\n<p class=\"x_gmail-MsoNoSpacing\">Son dos las administraciones que pasaron por el Ayuntamiento capitalino y ninguna ha atendido la grave situaci\u00f3n ambiental, la cual no s\u00f3lo quit\u00f3 el sustento a las personas que viv\u00edan de las ganancias que dejaban las actividades de ecoturismo en la zona, sino que le arrebat\u00f3 el vital l\u00edquido a los morelianos, refiri\u00f3 el abanderado del PES.<\/p>\n<p class=\"x_gmail-MsoNoSpacing\">En este sentido, los habitantes de esta regi\u00f3n de Morelia, lamentaron que aunque la zona es considerada como un lugar tur\u00edstico, en realidad se encuentra marginada porque ya nadie le presta atenci\u00f3n.<\/p>\n<p class=\"x_gmail-MsoNoSpacing\">Adem\u00e1s, refirieron que ya cuentan con estudios que revelan que el problema de la presa comenz\u00f3 porque alguien trajo una planta llamada Elodie, que se expandi\u00f3 hasta convertirse en una plaga.<\/p>\n<p class=\"x_gmail-MsoNoSpacing\">Despu\u00e9s de constatar el abandono de Um\u00e9cuaro y las comunidades aleda\u00f1as, Fausto Vallejo Figueroa estableci\u00f3 el compromiso concreto de que a su llegada al Ayuntamiento capitalino pondr\u00e1 en marcha dos grandes proyectos que impactar\u00e1n a todo el lugar, que son la limpieza total de la presa, as\u00ed como la instalaci\u00f3n de una antena telef\u00f3nica para que los habitantes por fin se puedan comunicar por celular ante cualquier emergencia.<\/p>\n<p class=\"x_gmail-MsoNoSpacing\">Pero tambi\u00e9n, dijo, hay que detener los cambios de uso de suelo que se est\u00e1n haciendo en esta zona para sembrar aguacate, \u201cempezando por un diputado que se llama Marco Polo Aguirre que est\u00e1 tratando de perforar un pozo y debemos de parar eso porque cada que talen un \u00e1rbol va a ser menos agua para Um\u00e9cuaro y la presa de Cointzio que alimenta a la mayor\u00eda de la ciudad\u201d, agreg\u00f3 el abanderado de Encuentro Social.<\/p>\n<p class=\"x_gmail-MsoNoSpacing\">Este domingo, el cuatro veces alcalde continu\u00f3 sus recorridos por la zona rural del municipio, ahora en las comunidades pertenecientes a la tenencia de Santiago Undameo, entre ellas la de Nieves, donde pudo conocer el rechazo de los vecinos hacia el actual alcalde con licencia, quien de acuerdo con las denuncias les prometi\u00f3 a los campesinos hace unas semanas que en unos d\u00edas les iba a emparejar el camino, pero no regres\u00f3 con el material.<\/p>\n<p class=\"x_gmail-MsoNoSpacing\">De igual manera, el abanderado del PES conoci\u00f3 de viva voz las necesidades de Buena Vista, La Nueva Florida, La reuni\u00f3n, El Escobal, Tirio, Loma Caliente y Hojas Anchas, que son principalmente continuar con la instalaci\u00f3n de drenajes, agua potable y construcci\u00f3n de caminos rurales.<\/p>\n","protected":false},"excerpt":{"rendered":"<p>&nbsp; Rescate del vaso de agua de la localidad y una antena de telefon\u00eda, un par de las propuestas del abanderado del PES. Morelia, Mich., a 10 de junio de 2018.-\u00a0Fausto Vallejo Figueroa, candidato a la Presidencia Municipal por el Partido Encuentro Social (PES) testific\u00f3 la agon\u00eda que vive desde hace cuatro a\u00f1os la Presa [&hellip;]<\/p>\n","protected":false},"author":2,"featured_media":54053,"comment_status":"closed","ping_status":"closed","sticky":false,"template":"","format":"standard","meta":{"footnotes":""},"categories":[14,90],"tags":[],"class_list":["post-54052","post","type-post","status-publish","format-standard","has-post-thumbnail","hentry","category-destacadas","category-elecciones-2018"],"_links":{"self":[{"href":"https:\/\/radiowebmx.com\/nota\/wp-json\/wp\/v2\/posts\/54052","targetHints":{"allow":["GET"]}}],"collection":[{"href":"https:\/\/radiowebmx.com\/nota\/wp-json\/wp\/v2\/posts"}],"about":[{"href":"https:\/\/radiowebmx.com\/nota\/wp-json\/wp\/v2\/types\/post"}],"author":[{"embeddable":true,"href":"https:\/\/radiowebmx.com\/nota\/wp-json\/wp\/v2\/users\/2"}],"replies":[{"embeddable":true,"href":"https:\/\/radiowebmx.com\/nota\/wp-json\/wp\/v2\/comments?post=54052"}],"version-history":[{"count":1,"href":"https:\/\/radiowebmx.com\/nota\/wp-json\/wp\/v2\/posts\/54052\/revisions"}],"predecessor-version":[{"id":54054,"href":"https:\/\/radiowebmx.com\/nota\/wp-json\/wp\/v2\/posts\/54052\/revisions\/54054"}],"wp:featuredmedia":[{"embeddable":true,"href":"https:\/\/radiowebmx.com\/nota\/wp-json\/wp\/v2\/media\/54053"}],"wp:attachment":[{"href":"https:\/\/radiowebmx.com\/nota\/wp-json\/wp\/v2\/media?parent=54052"}],"wp:term":[{"taxonomy":"category","embeddable":true,"href":"https:\/\/radiowebmx.com\/nota\/wp-json\/wp\/v2\/categories?post=54052"},{"taxonomy":"post_tag","embeddable":true,"href":"https:\/\/radiowebmx.com\/nota\/wp-json\/wp\/v2\/tags?post=54052"}],"curies":[{"name":"wp","href":"https:\/\/api.w.org\/{rel}","templated":true}]}}